{"id":1985,"date":"2021-09-27T11:13:13","date_gmt":"2021-09-27T09:13:13","guid":{"rendered":"https:\/\/sveforsrealty.com\/mijas-costa\/"},"modified":"2022-09-12T15:05:36","modified_gmt":"2022-09-12T13:05:36","slug":"mijas-costa","status":"publish","type":"post","link":"https:\/\/sveforsrealty.com\/sv\/mijas-costa\/","title":{"rendered":"Mijas Costa"},"content":{"rendered":"<p>Ansluten till Mijas Pueblo, den vackra vita bergsbyn, som har utsikt \u00f6ver Fuengirola och kusten, utg\u00f6r Mijas Costa kustf\u00f6rl\u00e4ngningen och \u00e4r en av de st\u00f6rsta kommunerna i regionen \u2013 med golf, str\u00e4nder, f\u00f6rorter och natur omr\u00e5den.<\/p>\n<p>Bel\u00e4get mellan Fuengirola och bostadsomr\u00e5dena i Marbella, ligger Mijas Costa och den vackra lilla kustbyn La Cala de Mijas. Dess pittoreska gator och sm\u00e5 torg \u00e4r \u00f6vers\u00e5llade med restauranger, kaf\u00e9er och butiker, som s\u00e5 sm\u00e5ningom leder till en kustv\u00e4g som g\u00e5r runt str\u00e4nder och vikar.<\/p>\n<p>Strax in\u00e5t landet, och som str\u00e4cker sig l\u00e4ngre v\u00e4sterut finns semesterortsomr\u00e5den som Riviera del Sol, Calahonda och Cabopino, varav den senare \u00e4r hem f\u00f6r en av Costa del Sols charmigaste sm\u00e5b\u00e5tshamnar, medan lite l\u00e4ngre in i landet hittar du den expansiva country club, La Cala Golf \u2013 ett paradis f\u00f6r golf entusiaster.<\/p>\n<p>Omr\u00e5det mellan La Cala Golf och La Cala de Mijas utvecklas snabbt och blir en av de b\u00e4sta koncentrationerna av moderna l\u00e4genheter, takv\u00e5ningar, radhus och villor i omr\u00e5det \u2013 \u00f6verkomliga priser och n\u00e4ra golf, landsbygd, str\u00e4nder och med en m\u00e4ngd bekv\u00e4mligheter .<\/p>\n<p>Avst\u00e5nd till M\u00e1lagas flygplats: 33 km<\/p>\n","protected":false},"excerpt":{"rendered":"<p>Ansluten till Mijas Pueblo, den vackra vita bergsbyn, som har utsikt \u00f6ver Fuengirola och kusten, utg\u00f6r Mijas Costa kustf\u00f6rl\u00e4ngningen och \u00e4r en av de st\u00f6rsta kommunerna i regionen \u2013 med golf, str\u00e4nder, f\u00f6rorter och natur omr\u00e5den. Bel\u00e4get mellan Fuengirola och bostadsomr\u00e5dena i Marbella, ligger Mijas Costa och den vackra lilla kustbyn La Cala de Mijas. [&hellip;]<\/p>\n","protected":false},"author":2,"featured_media":889,"comment_status":"closed","ping_status":"closed","sticky":false,"template":"","format":"standard","meta":{"inline_featured_image":false,"footnotes":""},"categories":[51,81,29,80],"tags":[],"class_list":["post-1985","post","type-post","status-publish","format-standard","has-post-thumbnail","hentry","category-new-developments-sv","category-news-sv","category-okategoriserad","category-properties-sv"],"yoast_head":"<!-- This site is optimized with the Yoast SEO plugin v27.5 - https:\/\/yoast.com\/product\/yoast-seo-wordpress\/ -->\n<title>Mijas Costa - Housing Marbella \u2013 Villas, Townhouses, Apartments on Costa del Sol<\/title>\n<meta name=\"robots\" content=\"noindex, follow\" \/>\n<meta property=\"og:locale\" content=\"sv_SE\" \/>\n<meta property=\"og:type\" content=\"article\" \/>\n<meta property=\"og:title\" content=\"Mijas Costa - Housing Marbella \u2013 Villas, Townhouses, Apartments on Costa del Sol\" \/>\n<meta property=\"og:description\" content=\"Ansluten till Mijas Pueblo, den vackra vita bergsbyn, som har utsikt \u00f6ver Fuengirola och kusten, utg\u00f6r Mijas Costa kustf\u00f6rl\u00e4ngningen och \u00e4r en av de st\u00f6rsta kommunerna i regionen \u2013 med golf, str\u00e4nder, f\u00f6rorter och natur omr\u00e5den. Bel\u00e4get mellan Fuengirola och bostadsomr\u00e5dena i Marbella, ligger Mijas Costa och den vackra lilla kustbyn La Cala de Mijas. [&hellip;]\" \/>\n<meta property=\"og:url\" content=\"https:\/\/sveforsrealty.com\/sv\/mijas-costa\/\" \/>\n<meta property=\"og:site_name\" content=\"Housing Marbella \u2013 Villas, Townhouses, Apartments on Costa del Sol\" \/>\n<meta property=\"article:publisher\" content=\"https:\/\/www.facebook.com\/SveforsRealty\/\" \/>\n<meta property=\"article:published_time\" content=\"2021-09-27T09:13:13+00:00\" \/>\n<meta property=\"article:modified_time\" content=\"2022-09-12T13:05:36+00:00\" \/>\n<meta property=\"og:image\" content=\"https:\/\/sveforsrealty.com\/wp-content\/uploads\/2022\/01\/323.jpg\" \/>\n\t<meta property=\"og:image:width\" content=\"1280\" \/>\n\t<meta property=\"og:image:height\" content=\"719\" \/>\n\t<meta property=\"og:image:type\" content=\"image\/jpeg\" \/>\n<meta name=\"author\" content=\"Alex\" \/>\n<meta name=\"twitter:card\" content=\"summary_large_image\" \/>\n<meta name=\"twitter:label1\" content=\"Skriven av\" \/>\n\t<meta name=\"twitter:data1\" content=\"Alex\" \/>\n\t<meta name=\"twitter:label2\" content=\"Ber\u00e4knad l\u00e4stid\" \/>\n\t<meta name=\"twitter:data2\" content=\"1 minut\" \/>\n<script type=\"application\/ld+json\" class=\"yoast-schema-graph\">{\"@context\":\"https:\\\/\\\/schema.org\",\"@graph\":[{\"@type\":\"Article\",\"@id\":\"https:\\\/\\\/sveforsrealty.com\\\/sv\\\/mijas-costa\\\/#article\",\"isPartOf\":{\"@id\":\"https:\\\/\\\/sveforsrealty.com\\\/sv\\\/mijas-costa\\\/\"},\"author\":{\"name\":\"Alex\",\"@id\":\"https:\\\/\\\/sveforsrealty.com\\\/sv\\\/#\\\/schema\\\/person\\\/7854196b461571f633350c9b981a2e71\"},\"headline\":\"Mijas Costa\",\"datePublished\":\"2021-09-27T09:13:13+00:00\",\"dateModified\":\"2022-09-12T13:05:36+00:00\",\"mainEntityOfPage\":{\"@id\":\"https:\\\/\\\/sveforsrealty.com\\\/sv\\\/mijas-costa\\\/\"},\"wordCount\":214,\"publisher\":{\"@id\":\"https:\\\/\\\/sveforsrealty.com\\\/sv\\\/#organization\"},\"image\":{\"@id\":\"https:\\\/\\\/sveforsrealty.com\\\/sv\\\/mijas-costa\\\/#primaryimage\"},\"thumbnailUrl\":\"https:\\\/\\\/sveforsrealty.com\\\/wp-content\\\/uploads\\\/2022\\\/01\\\/323.jpg\",\"articleSection\":[\"New Developments\",\"News\",\"Okategoriserad\",\"Properties\"],\"inLanguage\":\"sv-SE\"},{\"@type\":\"WebPage\",\"@id\":\"https:\\\/\\\/sveforsrealty.com\\\/sv\\\/mijas-costa\\\/\",\"url\":\"https:\\\/\\\/sveforsrealty.com\\\/sv\\\/mijas-costa\\\/\",\"name\":\"Mijas Costa - Housing Marbella \u2013 Villas, Townhouses, Apartments on Costa del Sol\",\"isPartOf\":{\"@id\":\"https:\\\/\\\/sveforsrealty.com\\\/sv\\\/#website\"},\"primaryImageOfPage\":{\"@id\":\"https:\\\/\\\/sveforsrealty.com\\\/sv\\\/mijas-costa\\\/#primaryimage\"},\"image\":{\"@id\":\"https:\\\/\\\/sveforsrealty.com\\\/sv\\\/mijas-costa\\\/#primaryimage\"},\"thumbnailUrl\":\"https:\\\/\\\/sveforsrealty.com\\\/wp-content\\\/uploads\\\/2022\\\/01\\\/323.jpg\",\"datePublished\":\"2021-09-27T09:13:13+00:00\",\"dateModified\":\"2022-09-12T13:05:36+00:00\",\"breadcrumb\":{\"@id\":\"https:\\\/\\\/sveforsrealty.com\\\/sv\\\/mijas-costa\\\/#breadcrumb\"},\"inLanguage\":\"sv-SE\",\"potentialAction\":[{\"@type\":\"ReadAction\",\"target\":[\"https:\\\/\\\/sveforsrealty.com\\\/sv\\\/mijas-costa\\\/\"]}]},{\"@type\":\"ImageObject\",\"inLanguage\":\"sv-SE\",\"@id\":\"https:\\\/\\\/sveforsrealty.com\\\/sv\\\/mijas-costa\\\/#primaryimage\",\"url\":\"https:\\\/\\\/sveforsrealty.com\\\/wp-content\\\/uploads\\\/2022\\\/01\\\/323.jpg\",\"contentUrl\":\"https:\\\/\\\/sveforsrealty.com\\\/wp-content\\\/uploads\\\/2022\\\/01\\\/323.jpg\",\"width\":1280,\"height\":719,\"caption\":\"ProEXR File Description =Attributes= cameraAperture (float): 36.000004 cameraFNumber (float): 8.000000 cameraFarClip (float): 1000000015047466200000000000000.000000 cameraFarRange (float): 1000.000000 cameraFocalLength (float): 17.000000 cameraFov (float): 93.545654 cameraNearClip (float): 0.000000 cameraNearRange (float): 0.000000 cameraProjection (int): 0 cameraTargetDistance (float): 197.107697 cameraTransform (m44f) channels (chlist) compression (compression): Zip dataWindow (box2i): [0, 0, 3999, 2248] displayWindow (box2i): [0, 0, 3999, 2248] lineOrder (lineOrder): Increasing Y name (string): \\\"\\\" pixelAspectRatio (float): 1.000000 screenWindowCenter (v2f): [0.000000, 0.000000] screenWindowWidth (float): 1.000000 type (string): \\\"scanlineimage\\\" =Channels= A (half) B (half) G (half) MultiMatteElement.B (half) MultiMatteElement.G (half) MultiMatteElement.R (half) R (half) VRayExtraTex_Oambiental.B (half) VRayExtraTex_Oambiental.G (half) VRayExtraTex_Oambiental.R (half) VRayMtlID.B (half) VRayMtlID.G (half) VRayMtlID.R (half) VRayReflection.B (half) VRayReflection.G (half) VRayReflection.R (half) VRayRefraction.B (half) VRayRefraction.G (half) VRayRefraction.R (half) VRaySelfIllumination.B (half) VRaySelfIllumination.G (half) VRaySelfIllumination.R (half) VRayWireColor.B (half) VRayWireColor.G (half) VRayWireColor.R (half) VrayDenoiser.B (half) VrayDenoiser.G (half) VrayDenoiser.R (half) atmosphere.B (half) atmosphere.G (half) atmosphere.R (half) background.B (half) background.G (half) background.R (half) defocusAmount (half) diffuseFilter.B (half) diffuseFilter.G (half) diffuseFilter.R (half) globalIllumination.B (half) globalIllumination.G (half) globalIllumination.R (half) lighting.B (half) lighting.G (half) lighting.R (half) noiseLevel (half) reflectionFilter.B (half) reflectionFilter.G (half) reflectionFilter.R (half) refractionFilter.B (half) refractionFilter.G (half) refractionFilter.R (half) specular.B (half) specular.G (half) specular.R (half) worldNormals.X (half) worldNormals.Y (half) worldNormals.Z (half) worldPositions.X (half) worldPositions.Y (half) worldPositions.Z (half)\"},{\"@type\":\"BreadcrumbList\",\"@id\":\"https:\\\/\\\/sveforsrealty.com\\\/sv\\\/mijas-costa\\\/#breadcrumb\",\"itemListElement\":[{\"@type\":\"ListItem\",\"position\":1,\"name\":\"Home\",\"item\":\"https:\\\/\\\/sveforsrealty.com\\\/sv\\\/\"},{\"@type\":\"ListItem\",\"position\":2,\"name\":\"Mijas Costa\"}]},{\"@type\":\"WebSite\",\"@id\":\"https:\\\/\\\/sveforsrealty.com\\\/sv\\\/#website\",\"url\":\"https:\\\/\\\/sveforsrealty.com\\\/sv\\\/\",\"name\":\"Housing Marbella \u2013 Villas, Townhouses, Apartments on Costa del Sol\",\"description\":\"At Housing Marbella we will not just help you buy a property; we will employ our accumulated experience to ensure that you find the right home at the best price and give you the best service possible throughout the entire process\",\"publisher\":{\"@id\":\"https:\\\/\\\/sveforsrealty.com\\\/sv\\\/#organization\"},\"potentialAction\":[{\"@type\":\"SearchAction\",\"target\":{\"@type\":\"EntryPoint\",\"urlTemplate\":\"https:\\\/\\\/sveforsrealty.com\\\/sv\\\/?s={search_term_string}\"},\"query-input\":{\"@type\":\"PropertyValueSpecification\",\"valueRequired\":true,\"valueName\":\"search_term_string\"}}],\"inLanguage\":\"sv-SE\"},{\"@type\":\"Organization\",\"@id\":\"https:\\\/\\\/sveforsrealty.com\\\/sv\\\/#organization\",\"name\":\"Svefors Realty | Marbella\",\"url\":\"https:\\\/\\\/sveforsrealty.com\\\/sv\\\/\",\"logo\":{\"@type\":\"ImageObject\",\"inLanguage\":\"sv-SE\",\"@id\":\"https:\\\/\\\/sveforsrealty.com\\\/sv\\\/#\\\/schema\\\/logo\\\/image\\\/\",\"url\":\"https:\\\/\\\/sveforsrealty.com\\\/wp-content\\\/uploads\\\/2022\\\/02\\\/logo-svefors.png\",\"contentUrl\":\"https:\\\/\\\/sveforsrealty.com\\\/wp-content\\\/uploads\\\/2022\\\/02\\\/logo-svefors.png\",\"width\":480,\"height\":102,\"caption\":\"Svefors Realty | Marbella\"},\"image\":{\"@id\":\"https:\\\/\\\/sveforsrealty.com\\\/sv\\\/#\\\/schema\\\/logo\\\/image\\\/\"},\"sameAs\":[\"https:\\\/\\\/www.facebook.com\\\/SveforsRealty\\\/\"]},{\"@type\":\"Person\",\"@id\":\"https:\\\/\\\/sveforsrealty.com\\\/sv\\\/#\\\/schema\\\/person\\\/7854196b461571f633350c9b981a2e71\",\"name\":\"Alex\",\"image\":{\"@type\":\"ImageObject\",\"inLanguage\":\"sv-SE\",\"@id\":\"https:\\\/\\\/secure.gravatar.com\\\/avatar\\\/03bf319641a3e5498fd5886c002db450fc1b0136fd76f18a4db2813cf2170f30?s=96&d=mm&r=g\",\"url\":\"https:\\\/\\\/secure.gravatar.com\\\/avatar\\\/03bf319641a3e5498fd5886c002db450fc1b0136fd76f18a4db2813cf2170f30?s=96&d=mm&r=g\",\"contentUrl\":\"https:\\\/\\\/secure.gravatar.com\\\/avatar\\\/03bf319641a3e5498fd5886c002db450fc1b0136fd76f18a4db2813cf2170f30?s=96&d=mm&r=g\",\"caption\":\"Alex\"},\"sameAs\":[\"https:\\\/\\\/sveforsrealty.com\\\/\"],\"url\":\"https:\\\/\\\/sveforsrealty.com\\\/sv\\\/author\\\/alex12alb\\\/\"}]}<\/script>\n<!-- \/ Yoast SEO plugin. -->","yoast_head_json":{"title":"Mijas Costa - Housing Marbella \u2013 Villas, Townhouses, Apartments on Costa del Sol","robots":{"index":"noindex","follow":"follow"},"og_locale":"sv_SE","og_type":"article","og_title":"Mijas Costa - Housing Marbella \u2013 Villas, Townhouses, Apartments on Costa del Sol","og_description":"Ansluten till Mijas Pueblo, den vackra vita bergsbyn, som har utsikt \u00f6ver Fuengirola och kusten, utg\u00f6r Mijas Costa kustf\u00f6rl\u00e4ngningen och \u00e4r en av de st\u00f6rsta kommunerna i regionen \u2013 med golf, str\u00e4nder, f\u00f6rorter och natur omr\u00e5den. Bel\u00e4get mellan Fuengirola och bostadsomr\u00e5dena i Marbella, ligger Mijas Costa och den vackra lilla kustbyn La Cala de Mijas. [&hellip;]","og_url":"https:\/\/sveforsrealty.com\/sv\/mijas-costa\/","og_site_name":"Housing Marbella \u2013 Villas, Townhouses, Apartments on Costa del Sol","article_publisher":"https:\/\/www.facebook.com\/SveforsRealty\/","article_published_time":"2021-09-27T09:13:13+00:00","article_modified_time":"2022-09-12T13:05:36+00:00","og_image":[{"width":1280,"height":719,"url":"https:\/\/sveforsrealty.com\/wp-content\/uploads\/2022\/01\/323.jpg","type":"image\/jpeg"}],"author":"Alex","twitter_card":"summary_large_image","twitter_misc":{"Skriven av":"Alex","Ber\u00e4knad l\u00e4stid":"1 minut"},"schema":{"@context":"https:\/\/schema.org","@graph":[{"@type":"Article","@id":"https:\/\/sveforsrealty.com\/sv\/mijas-costa\/#article","isPartOf":{"@id":"https:\/\/sveforsrealty.com\/sv\/mijas-costa\/"},"author":{"name":"Alex","@id":"https:\/\/sveforsrealty.com\/sv\/#\/schema\/person\/7854196b461571f633350c9b981a2e71"},"headline":"Mijas Costa","datePublished":"2021-09-27T09:13:13+00:00","dateModified":"2022-09-12T13:05:36+00:00","mainEntityOfPage":{"@id":"https:\/\/sveforsrealty.com\/sv\/mijas-costa\/"},"wordCount":214,"publisher":{"@id":"https:\/\/sveforsrealty.com\/sv\/#organization"},"image":{"@id":"https:\/\/sveforsrealty.com\/sv\/mijas-costa\/#primaryimage"},"thumbnailUrl":"https:\/\/sveforsrealty.com\/wp-content\/uploads\/2022\/01\/323.jpg","articleSection":["New Developments","News","Okategoriserad","Properties"],"inLanguage":"sv-SE"},{"@type":"WebPage","@id":"https:\/\/sveforsrealty.com\/sv\/mijas-costa\/","url":"https:\/\/sveforsrealty.com\/sv\/mijas-costa\/","name":"Mijas Costa - Housing Marbella \u2013 Villas, Townhouses, Apartments on Costa del Sol","isPartOf":{"@id":"https:\/\/sveforsrealty.com\/sv\/#website"},"primaryImageOfPage":{"@id":"https:\/\/sveforsrealty.com\/sv\/mijas-costa\/#primaryimage"},"image":{"@id":"https:\/\/sveforsrealty.com\/sv\/mijas-costa\/#primaryimage"},"thumbnailUrl":"https:\/\/sveforsrealty.com\/wp-content\/uploads\/2022\/01\/323.jpg","datePublished":"2021-09-27T09:13:13+00:00","dateModified":"2022-09-12T13:05:36+00:00","breadcrumb":{"@id":"https:\/\/sveforsrealty.com\/sv\/mijas-costa\/#breadcrumb"},"inLanguage":"sv-SE","potentialAction":[{"@type":"ReadAction","target":["https:\/\/sveforsrealty.com\/sv\/mijas-costa\/"]}]},{"@type":"ImageObject","inLanguage":"sv-SE","@id":"https:\/\/sveforsrealty.com\/sv\/mijas-costa\/#primaryimage","url":"https:\/\/sveforsrealty.com\/wp-content\/uploads\/2022\/01\/323.jpg","contentUrl":"https:\/\/sveforsrealty.com\/wp-content\/uploads\/2022\/01\/323.jpg","width":1280,"height":719,"caption":"ProEXR File Description =Attributes= cameraAperture (float): 36.000004 cameraFNumber (float): 8.000000 cameraFarClip (float): 1000000015047466200000000000000.000000 cameraFarRange (float): 1000.000000 cameraFocalLength (float): 17.000000 cameraFov (float): 93.545654 cameraNearClip (float): 0.000000 cameraNearRange (float): 0.000000 cameraProjection (int): 0 cameraTargetDistance (float): 197.107697 cameraTransform (m44f) channels (chlist) compression (compression): Zip dataWindow (box2i): [0, 0, 3999, 2248] displayWindow (box2i): [0, 0, 3999, 2248] lineOrder (lineOrder): Increasing Y name (string): \"\" pixelAspectRatio (float): 1.000000 screenWindowCenter (v2f): [0.000000, 0.000000] screenWindowWidth (float): 1.000000 type (string): \"scanlineimage\" =Channels= A (half) B (half) G (half) MultiMatteElement.B (half) MultiMatteElement.G (half) MultiMatteElement.R (half) R (half) VRayExtraTex_Oambiental.B (half) VRayExtraTex_Oambiental.G (half) VRayExtraTex_Oambiental.R (half) VRayMtlID.B (half) VRayMtlID.G (half) VRayMtlID.R (half) VRayReflection.B (half) VRayReflection.G (half) VRayReflection.R (half) VRayRefraction.B (half) VRayRefraction.G (half) VRayRefraction.R (half) VRaySelfIllumination.B (half) VRaySelfIllumination.G (half) VRaySelfIllumination.R (half) VRayWireColor.B (half) VRayWireColor.G (half) VRayWireColor.R (half) VrayDenoiser.B (half) VrayDenoiser.G (half) VrayDenoiser.R (half) atmosphere.B (half) atmosphere.G (half) atmosphere.R (half) background.B (half) background.G (half) background.R (half) defocusAmount (half) diffuseFilter.B (half) diffuseFilter.G (half) diffuseFilter.R (half) globalIllumination.B (half) globalIllumination.G (half) globalIllumination.R (half) lighting.B (half) lighting.G (half) lighting.R (half) noiseLevel (half) reflectionFilter.B (half) reflectionFilter.G (half) reflectionFilter.R (half) refractionFilter.B (half) refractionFilter.G (half) refractionFilter.R (half) specular.B (half) specular.G (half) specular.R (half) worldNormals.X (half) worldNormals.Y (half) worldNormals.Z (half) worldPositions.X (half) worldPositions.Y (half) worldPositions.Z (half)"},{"@type":"BreadcrumbList","@id":"https:\/\/sveforsrealty.com\/sv\/mijas-costa\/#breadcrumb","itemListElement":[{"@type":"ListItem","position":1,"name":"Home","item":"https:\/\/sveforsrealty.com\/sv\/"},{"@type":"ListItem","position":2,"name":"Mijas Costa"}]},{"@type":"WebSite","@id":"https:\/\/sveforsrealty.com\/sv\/#website","url":"https:\/\/sveforsrealty.com\/sv\/","name":"Housing Marbella \u2013 Villas, Townhouses, Apartments on Costa del Sol","description":"At Housing Marbella we will not just help you buy a property; we will employ our accumulated experience to ensure that you find the right home at the best price and give you the best service possible throughout the entire process","publisher":{"@id":"https:\/\/sveforsrealty.com\/sv\/#organization"},"potentialAction":[{"@type":"SearchAction","target":{"@type":"EntryPoint","urlTemplate":"https:\/\/sveforsrealty.com\/sv\/?s={search_term_string}"},"query-input":{"@type":"PropertyValueSpecification","valueRequired":true,"valueName":"search_term_string"}}],"inLanguage":"sv-SE"},{"@type":"Organization","@id":"https:\/\/sveforsrealty.com\/sv\/#organization","name":"Svefors Realty | Marbella","url":"https:\/\/sveforsrealty.com\/sv\/","logo":{"@type":"ImageObject","inLanguage":"sv-SE","@id":"https:\/\/sveforsrealty.com\/sv\/#\/schema\/logo\/image\/","url":"https:\/\/sveforsrealty.com\/wp-content\/uploads\/2022\/02\/logo-svefors.png","contentUrl":"https:\/\/sveforsrealty.com\/wp-content\/uploads\/2022\/02\/logo-svefors.png","width":480,"height":102,"caption":"Svefors Realty | Marbella"},"image":{"@id":"https:\/\/sveforsrealty.com\/sv\/#\/schema\/logo\/image\/"},"sameAs":["https:\/\/www.facebook.com\/SveforsRealty\/"]},{"@type":"Person","@id":"https:\/\/sveforsrealty.com\/sv\/#\/schema\/person\/7854196b461571f633350c9b981a2e71","name":"Alex","image":{"@type":"ImageObject","inLanguage":"sv-SE","@id":"https:\/\/secure.gravatar.com\/avatar\/03bf319641a3e5498fd5886c002db450fc1b0136fd76f18a4db2813cf2170f30?s=96&d=mm&r=g","url":"https:\/\/secure.gravatar.com\/avatar\/03bf319641a3e5498fd5886c002db450fc1b0136fd76f18a4db2813cf2170f30?s=96&d=mm&r=g","contentUrl":"https:\/\/secure.gravatar.com\/avatar\/03bf319641a3e5498fd5886c002db450fc1b0136fd76f18a4db2813cf2170f30?s=96&d=mm&r=g","caption":"Alex"},"sameAs":["https:\/\/sveforsrealty.com\/"],"url":"https:\/\/sveforsrealty.com\/sv\/author\/alex12alb\/"}]}},"_links":{"self":[{"href":"https:\/\/sveforsrealty.com\/sv\/wp-json\/wp\/v2\/posts\/1985","targetHints":{"allow":["GET"]}}],"collection":[{"href":"https:\/\/sveforsrealty.com\/sv\/wp-json\/wp\/v2\/posts"}],"about":[{"href":"https:\/\/sveforsrealty.com\/sv\/wp-json\/wp\/v2\/types\/post"}],"author":[{"embeddable":true,"href":"https:\/\/sveforsrealty.com\/sv\/wp-json\/wp\/v2\/users\/2"}],"replies":[{"embeddable":true,"href":"https:\/\/sveforsrealty.com\/sv\/wp-json\/wp\/v2\/comments?post=1985"}],"version-history":[{"count":1,"href":"https:\/\/sveforsrealty.com\/sv\/wp-json\/wp\/v2\/posts\/1985\/revisions"}],"predecessor-version":[{"id":1986,"href":"https:\/\/sveforsrealty.com\/sv\/wp-json\/wp\/v2\/posts\/1985\/revisions\/1986"}],"wp:featuredmedia":[{"embeddable":true,"href":"https:\/\/sveforsrealty.com\/sv\/wp-json\/wp\/v2\/media\/889"}],"wp:attachment":[{"href":"https:\/\/sveforsrealty.com\/sv\/wp-json\/wp\/v2\/media?parent=1985"}],"wp:term":[{"taxonomy":"category","embeddable":true,"href":"https:\/\/sveforsrealty.com\/sv\/wp-json\/wp\/v2\/categories?post=1985"},{"taxonomy":"post_tag","embeddable":true,"href":"https:\/\/sveforsrealty.com\/sv\/wp-json\/wp\/v2\/tags?post=1985"}],"curies":[{"name":"wp","href":"https:\/\/api.w.org\/{rel}","templated":true}]}}