{"id":2597,"date":"2025-09-11T09:41:17","date_gmt":"2025-09-11T07:41:17","guid":{"rendered":"https:\/\/sveforsrealty.com\/?p=2597"},"modified":"2025-09-11T09:41:19","modified_gmt":"2025-09-11T07:41:19","slug":"septiembre-mejor-mes-comprar-vender-marbella","status":"publish","type":"post","link":"https:\/\/sveforsrealty.com\/es\/septiembre-mejor-mes-comprar-vender-marbella\/","title":{"rendered":"Septiembre: el mejor mes para comprar o vender vivienda en Marbella\u00a0"},"content":{"rendered":"\n<p>Septiembre se ha consolidado como el <strong>mejor mes para comprar vivienda en Marbella<\/strong>. Gracias a una combinaci\u00f3n perfecta de factores que lo convierten en el momento ideal para tomar decisiones inmobiliarias. Tras el ajetreo del verano, el mercado recupera su equilibrio, ofreciendo m\u00e1s opciones de calidad, un clima todav\u00eda agradable y un entorno m\u00e1s tranquilo para explorar propiedades sin prisas.\u00a0<\/p>\n\n\n\n<p>\u00a0Este periodo no solo es atractivo para quienes buscan mudarse a la Costa del Sol, sino tambi\u00e9n para quienes desean invertir en una segunda residencia o en una propiedad con alto potencial de alquiler. Marbella y sus alrededores ofrecen oportunidades que en septiembre brillan con especial intensidad.\u00a0<\/p>\n\n\n\n<div style=\"height:40px\" aria-hidden=\"true\" class=\"wp-block-spacer\"><\/div>\n\n\n\n<h5 class=\"wp-block-heading\"><strong>1. Regreso de compradores internacionales<\/strong>&nbsp;<\/h5>\n\n\n\n<p>Muchos compradores extranjeros que pospusieron sus planes durante el verano regresan en septiembre dispuestos a tomar decisiones. Para los propietarios, esto significa un p\u00fablico m\u00e1s amplio de potenciales compradores serios.&nbsp;<\/p>\n\n\n\n<div style=\"height:40px\" aria-hidden=\"true\" class=\"wp-block-spacer\"><\/div>\n\n\n\n<h5 class=\"wp-block-heading\"><strong>2. Condiciones ideales para visitar viviendas<\/strong>&nbsp;<\/h5>\n\n\n\n<p>El mes de septiembre ofrece uno de los mejores climas del a\u00f1o: d\u00edas soleados y c\u00e1lidos, y noches m\u00e1s frescas. Esto no solo permite a los compradores disfrutar de la experiencia de vivir en la zona, sino que hace las visitas a las propiedades mucho m\u00e1s agradables que en pleno agosto o en invierno.&nbsp;<\/p>\n\n\n\n<div style=\"height:39px\" aria-hidden=\"true\" class=\"wp-block-spacer\"><\/div>\n\n\n\n<h5 class=\"wp-block-heading\"><strong>3. Mayor oferta en el mercado<\/strong>&nbsp;<\/h5>\n\n\n\n<p>Muchos propietarios esperan al final del verano para poner sus viviendas a la venta, lo que en septiembre se traduce en un abanico m\u00e1s amplio de opciones. Para los compradores supone m\u00e1s oportunidades; para los vendedores, una demanda renovada que facilita la venta.&nbsp;<\/p>\n\n\n\n<div style=\"height:39px\" aria-hidden=\"true\" class=\"wp-block-spacer\"><\/div>\n\n\n\n<h5 class=\"wp-block-heading\"><strong>4. La demanda de alquiler contin\u00faa<\/strong>&nbsp;<\/h5>\n\n\n\n<p>En la Costa del Sol, la temporada de alquiler no termina con el verano. Septiembre mantiene una fuerte demanda, especialmente de residentes de larga duraci\u00f3n, profesionales internacionales y familias que se instalan coincidiendo con el inicio del curso escolar. Para los inversores, es una ocasi\u00f3n perfecta para comprar y empezar a rentabilizar de inmediato.&nbsp;<\/p>\n\n\n\n<div style=\"height:39px\" aria-hidden=\"true\" class=\"wp-block-spacer\"><\/div>\n\n\n\n<h5 class=\"wp-block-heading\"><strong>5. Un mercado equilibrado para compradores y vendedores<\/strong>&nbsp;<\/h5>\n\n\n\n<p>Septiembre logra un equilibrio entre ambas partes. Los vendedores se benefician de una mayor demanda, mientras que los compradores disfrutan de m\u00e1s opciones y condiciones favorables para negociar.\u00a0<\/p>\n\n\n\n<div style=\"height:33px\" aria-hidden=\"true\" class=\"wp-block-spacer\"><\/div>\n\n\n\n<blockquote class=\"wp-block-quote is-layout-flow wp-block-quote-is-layout-flow\">\n<p><strong><em>Conclusi\u00f3n<\/em><\/strong>;<br>Ya sea para adquirir la casa de tus sue\u00f1os o para vender tu propiedad, septiembre re\u00fane la combinaci\u00f3n perfecta de oportunidad, calidad de vida y dinamismo en el mercado. En Marbella y la Costa del Sol, es sin duda uno de los mejores meses del a\u00f1o para el sector inmobiliario.\u00a0<\/p>\n<\/blockquote>\n","protected":false},"excerpt":{"rendered":"<p>Septiembre se ha consolidado como el mejor mes para comprar vivienda en Marbella. Gracias a una combinaci\u00f3n perfecta de factores que lo convierten en el momento ideal para tomar decisiones inmobiliarias. Tras el ajetreo del verano, el mercado recupera su equilibrio, ofreciendo m\u00e1s opciones de calidad, un clima todav\u00eda agradable y un entorno m\u00e1s tranquilo [&hellip;]<\/p>\n","protected":false},"author":3,"featured_media":2594,"comment_status":"closed","ping_status":"closed","sticky":false,"template":"","format":"standard","meta":{"inline_featured_image":false,"footnotes":""},"categories":[2,62,54],"tags":[],"class_list":["post-2597","post","type-post","status-publish","format-standard","has-post-thumbnail","hentry","category-marbella","category-noticias","category-propiedades"],"yoast_head":"<!-- This site is optimized with the Yoast SEO plugin v27.5 - https:\/\/yoast.com\/product\/yoast-seo-wordpress\/ -->\n<title>Septiembre: el mejor mes para comprar o vender vivienda en Marbella\u00a0 - Svefors Realty | Marbella<\/title>\n<meta name=\"description\" content=\"Descubre por qu\u00e9 septiembre es el mejor mes para comprar o vender vivienda en Marbella. Condiciones ideales y oportunidades \u00fanicas.\" \/>\n<meta name=\"robots\" content=\"noindex, follow\" \/>\n<meta property=\"og:locale\" content=\"es_ES\" \/>\n<meta property=\"og:type\" content=\"article\" \/>\n<meta property=\"og:title\" content=\"Septiembre: el mejor mes para comprar o vender vivienda en Marbella\u00a0 - Svefors Realty | Marbella\" \/>\n<meta property=\"og:description\" content=\"Descubre por qu\u00e9 septiembre es el mejor mes para comprar o vender vivienda en Marbella. Condiciones ideales y oportunidades \u00fanicas.\" \/>\n<meta property=\"og:url\" content=\"https:\/\/sveforsrealty.com\/es\/septiembre-mejor-mes-comprar-vender-marbella\/\" \/>\n<meta property=\"og:site_name\" content=\"Svefors Realty | Marbella\" \/>\n<meta property=\"article:publisher\" content=\"https:\/\/www.facebook.com\/SveforsRealty\/\" \/>\n<meta property=\"article:published_time\" content=\"2025-09-11T07:41:17+00:00\" \/>\n<meta property=\"article:modified_time\" content=\"2025-09-11T07:41:19+00:00\" \/>\n<meta property=\"og:image\" content=\"https:\/\/sveforsrealty.com\/wp-content\/uploads\/2025\/09\/portada-youtube-scaled.jpg\" \/>\n\t<meta property=\"og:image:width\" content=\"2560\" \/>\n\t<meta property=\"og:image:height\" content=\"1440\" \/>\n\t<meta property=\"og:image:type\" content=\"image\/jpeg\" \/>\n<meta name=\"author\" content=\"Aitana\" \/>\n<meta name=\"twitter:card\" content=\"summary_large_image\" \/>\n<meta name=\"twitter:label1\" content=\"Escrito por\" \/>\n\t<meta name=\"twitter:data1\" content=\"Aitana\" \/>\n\t<meta name=\"twitter:label2\" content=\"Tiempo de lectura\" \/>\n\t<meta name=\"twitter:data2\" content=\"2 minutos\" \/>\n<script type=\"application\/ld+json\" class=\"yoast-schema-graph\">{\"@context\":\"https:\\\/\\\/schema.org\",\"@graph\":[{\"@type\":\"Article\",\"@id\":\"https:\\\/\\\/sveforsrealty.com\\\/es\\\/septiembre-mejor-mes-comprar-vender-marbella\\\/#article\",\"isPartOf\":{\"@id\":\"https:\\\/\\\/sveforsrealty.com\\\/es\\\/septiembre-mejor-mes-comprar-vender-marbella\\\/\"},\"author\":{\"name\":\"Aitana\",\"@id\":\"https:\\\/\\\/sveforsrealty.com\\\/es\\\/#\\\/schema\\\/person\\\/844689fbf8577fd9ad4cd7c5052c0231\"},\"headline\":\"Septiembre: el mejor mes para comprar o vender vivienda en Marbella\u00a0\",\"datePublished\":\"2025-09-11T07:41:17+00:00\",\"dateModified\":\"2025-09-11T07:41:19+00:00\",\"mainEntityOfPage\":{\"@id\":\"https:\\\/\\\/sveforsrealty.com\\\/es\\\/septiembre-mejor-mes-comprar-vender-marbella\\\/\"},\"wordCount\":436,\"publisher\":{\"@id\":\"https:\\\/\\\/sveforsrealty.com\\\/es\\\/#organization\"},\"image\":{\"@id\":\"https:\\\/\\\/sveforsrealty.com\\\/es\\\/septiembre-mejor-mes-comprar-vender-marbella\\\/#primaryimage\"},\"thumbnailUrl\":\"https:\\\/\\\/sveforsrealty.com\\\/wp-content\\\/uploads\\\/2025\\\/09\\\/portada-youtube-scaled.jpg\",\"articleSection\":[\"Marbella\",\"Noticias\",\"Propiedades\"],\"inLanguage\":\"es\"},{\"@type\":\"WebPage\",\"@id\":\"https:\\\/\\\/sveforsrealty.com\\\/es\\\/septiembre-mejor-mes-comprar-vender-marbella\\\/\",\"url\":\"https:\\\/\\\/sveforsrealty.com\\\/es\\\/septiembre-mejor-mes-comprar-vender-marbella\\\/\",\"name\":\"Septiembre: el mejor mes para comprar o vender vivienda en Marbella\u00a0 - Svefors Realty | Marbella\",\"isPartOf\":{\"@id\":\"https:\\\/\\\/sveforsrealty.com\\\/es\\\/#website\"},\"primaryImageOfPage\":{\"@id\":\"https:\\\/\\\/sveforsrealty.com\\\/es\\\/septiembre-mejor-mes-comprar-vender-marbella\\\/#primaryimage\"},\"image\":{\"@id\":\"https:\\\/\\\/sveforsrealty.com\\\/es\\\/septiembre-mejor-mes-comprar-vender-marbella\\\/#primaryimage\"},\"thumbnailUrl\":\"https:\\\/\\\/sveforsrealty.com\\\/wp-content\\\/uploads\\\/2025\\\/09\\\/portada-youtube-scaled.jpg\",\"datePublished\":\"2025-09-11T07:41:17+00:00\",\"dateModified\":\"2025-09-11T07:41:19+00:00\",\"description\":\"Descubre por qu\u00e9 septiembre es el mejor mes para comprar o vender vivienda en Marbella. Condiciones ideales y oportunidades \u00fanicas.\",\"breadcrumb\":{\"@id\":\"https:\\\/\\\/sveforsrealty.com\\\/es\\\/septiembre-mejor-mes-comprar-vender-marbella\\\/#breadcrumb\"},\"inLanguage\":\"es\",\"potentialAction\":[{\"@type\":\"ReadAction\",\"target\":[\"https:\\\/\\\/sveforsrealty.com\\\/es\\\/septiembre-mejor-mes-comprar-vender-marbella\\\/\"]}]},{\"@type\":\"ImageObject\",\"inLanguage\":\"es\",\"@id\":\"https:\\\/\\\/sveforsrealty.com\\\/es\\\/septiembre-mejor-mes-comprar-vender-marbella\\\/#primaryimage\",\"url\":\"https:\\\/\\\/sveforsrealty.com\\\/wp-content\\\/uploads\\\/2025\\\/09\\\/portada-youtube-scaled.jpg\",\"contentUrl\":\"https:\\\/\\\/sveforsrealty.com\\\/wp-content\\\/uploads\\\/2025\\\/09\\\/portada-youtube-scaled.jpg\",\"width\":2560,\"height\":1440,\"caption\":\"Screenshot\"},{\"@type\":\"BreadcrumbList\",\"@id\":\"https:\\\/\\\/sveforsrealty.com\\\/es\\\/septiembre-mejor-mes-comprar-vender-marbella\\\/#breadcrumb\",\"itemListElement\":[{\"@type\":\"ListItem\",\"position\":1,\"name\":\"Home\",\"item\":\"https:\\\/\\\/sveforsrealty.com\\\/es\\\/\"},{\"@type\":\"ListItem\",\"position\":2,\"name\":\"Septiembre: el mejor mes para comprar o vender vivienda en Marbella\u00a0\"}]},{\"@type\":\"WebSite\",\"@id\":\"https:\\\/\\\/sveforsrealty.com\\\/es\\\/#website\",\"url\":\"https:\\\/\\\/sveforsrealty.com\\\/es\\\/\",\"name\":\"Svefors Realty | Marbella\",\"description\":\"Svefors Realty, m\u00e1s de 20 a\u00f1os de experiencia en el mercado inmobiliaria en la Costa del Sol.\",\"publisher\":{\"@id\":\"https:\\\/\\\/sveforsrealty.com\\\/es\\\/#organization\"},\"potentialAction\":[{\"@type\":\"SearchAction\",\"target\":{\"@type\":\"EntryPoint\",\"urlTemplate\":\"https:\\\/\\\/sveforsrealty.com\\\/es\\\/?s={search_term_string}\"},\"query-input\":{\"@type\":\"PropertyValueSpecification\",\"valueRequired\":true,\"valueName\":\"search_term_string\"}}],\"inLanguage\":\"es\"},{\"@type\":\"Organization\",\"@id\":\"https:\\\/\\\/sveforsrealty.com\\\/es\\\/#organization\",\"name\":\"Svefors Realty | Marbella\",\"url\":\"https:\\\/\\\/sveforsrealty.com\\\/es\\\/\",\"logo\":{\"@type\":\"ImageObject\",\"inLanguage\":\"es\",\"@id\":\"https:\\\/\\\/sveforsrealty.com\\\/es\\\/#\\\/schema\\\/logo\\\/image\\\/\",\"url\":\"https:\\\/\\\/sveforsrealty.com\\\/wp-content\\\/uploads\\\/2022\\\/02\\\/logo-svefors.png\",\"contentUrl\":\"https:\\\/\\\/sveforsrealty.com\\\/wp-content\\\/uploads\\\/2022\\\/02\\\/logo-svefors.png\",\"width\":480,\"height\":102,\"caption\":\"Svefors Realty | Marbella\"},\"image\":{\"@id\":\"https:\\\/\\\/sveforsrealty.com\\\/es\\\/#\\\/schema\\\/logo\\\/image\\\/\"},\"sameAs\":[\"https:\\\/\\\/www.facebook.com\\\/SveforsRealty\\\/\"]},{\"@type\":\"Person\",\"@id\":\"https:\\\/\\\/sveforsrealty.com\\\/es\\\/#\\\/schema\\\/person\\\/844689fbf8577fd9ad4cd7c5052c0231\",\"name\":\"Aitana\",\"image\":{\"@type\":\"ImageObject\",\"inLanguage\":\"es\",\"@id\":\"https:\\\/\\\/secure.gravatar.com\\\/avatar\\\/687511f24924eb3a8d408f3f37b54adf63e22c9df60f0e9e547dce614f25a57b?s=96&d=mm&r=g\",\"url\":\"https:\\\/\\\/secure.gravatar.com\\\/avatar\\\/687511f24924eb3a8d408f3f37b54adf63e22c9df60f0e9e547dce614f25a57b?s=96&d=mm&r=g\",\"contentUrl\":\"https:\\\/\\\/secure.gravatar.com\\\/avatar\\\/687511f24924eb3a8d408f3f37b54adf63e22c9df60f0e9e547dce614f25a57b?s=96&d=mm&r=g\",\"caption\":\"Aitana\"},\"sameAs\":[\"https:\\\/\\\/sveforsrealty.com\\\/\"],\"url\":\"https:\\\/\\\/sveforsrealty.com\\\/es\\\/author\\\/ait4n4\\\/\"}]}<\/script>\n<!-- \/ Yoast SEO plugin. -->","yoast_head_json":{"title":"Septiembre: el mejor mes para comprar o vender vivienda en Marbella\u00a0 - Svefors Realty | Marbella","description":"Descubre por qu\u00e9 septiembre es el mejor mes para comprar o vender vivienda en Marbella. Condiciones ideales y oportunidades \u00fanicas.","robots":{"index":"noindex","follow":"follow"},"og_locale":"es_ES","og_type":"article","og_title":"Septiembre: el mejor mes para comprar o vender vivienda en Marbella\u00a0 - Svefors Realty | Marbella","og_description":"Descubre por qu\u00e9 septiembre es el mejor mes para comprar o vender vivienda en Marbella. Condiciones ideales y oportunidades \u00fanicas.","og_url":"https:\/\/sveforsrealty.com\/es\/septiembre-mejor-mes-comprar-vender-marbella\/","og_site_name":"Svefors Realty | Marbella","article_publisher":"https:\/\/www.facebook.com\/SveforsRealty\/","article_published_time":"2025-09-11T07:41:17+00:00","article_modified_time":"2025-09-11T07:41:19+00:00","og_image":[{"width":2560,"height":1440,"url":"https:\/\/sveforsrealty.com\/wp-content\/uploads\/2025\/09\/portada-youtube-scaled.jpg","type":"image\/jpeg"}],"author":"Aitana","twitter_card":"summary_large_image","twitter_misc":{"Escrito por":"Aitana","Tiempo de lectura":"2 minutos"},"schema":{"@context":"https:\/\/schema.org","@graph":[{"@type":"Article","@id":"https:\/\/sveforsrealty.com\/es\/septiembre-mejor-mes-comprar-vender-marbella\/#article","isPartOf":{"@id":"https:\/\/sveforsrealty.com\/es\/septiembre-mejor-mes-comprar-vender-marbella\/"},"author":{"name":"Aitana","@id":"https:\/\/sveforsrealty.com\/es\/#\/schema\/person\/844689fbf8577fd9ad4cd7c5052c0231"},"headline":"Septiembre: el mejor mes para comprar o vender vivienda en Marbella\u00a0","datePublished":"2025-09-11T07:41:17+00:00","dateModified":"2025-09-11T07:41:19+00:00","mainEntityOfPage":{"@id":"https:\/\/sveforsrealty.com\/es\/septiembre-mejor-mes-comprar-vender-marbella\/"},"wordCount":436,"publisher":{"@id":"https:\/\/sveforsrealty.com\/es\/#organization"},"image":{"@id":"https:\/\/sveforsrealty.com\/es\/septiembre-mejor-mes-comprar-vender-marbella\/#primaryimage"},"thumbnailUrl":"https:\/\/sveforsrealty.com\/wp-content\/uploads\/2025\/09\/portada-youtube-scaled.jpg","articleSection":["Marbella","Noticias","Propiedades"],"inLanguage":"es"},{"@type":"WebPage","@id":"https:\/\/sveforsrealty.com\/es\/septiembre-mejor-mes-comprar-vender-marbella\/","url":"https:\/\/sveforsrealty.com\/es\/septiembre-mejor-mes-comprar-vender-marbella\/","name":"Septiembre: el mejor mes para comprar o vender vivienda en Marbella\u00a0 - Svefors Realty | Marbella","isPartOf":{"@id":"https:\/\/sveforsrealty.com\/es\/#website"},"primaryImageOfPage":{"@id":"https:\/\/sveforsrealty.com\/es\/septiembre-mejor-mes-comprar-vender-marbella\/#primaryimage"},"image":{"@id":"https:\/\/sveforsrealty.com\/es\/septiembre-mejor-mes-comprar-vender-marbella\/#primaryimage"},"thumbnailUrl":"https:\/\/sveforsrealty.com\/wp-content\/uploads\/2025\/09\/portada-youtube-scaled.jpg","datePublished":"2025-09-11T07:41:17+00:00","dateModified":"2025-09-11T07:41:19+00:00","description":"Descubre por qu\u00e9 septiembre es el mejor mes para comprar o vender vivienda en Marbella. Condiciones ideales y oportunidades \u00fanicas.","breadcrumb":{"@id":"https:\/\/sveforsrealty.com\/es\/septiembre-mejor-mes-comprar-vender-marbella\/#breadcrumb"},"inLanguage":"es","potentialAction":[{"@type":"ReadAction","target":["https:\/\/sveforsrealty.com\/es\/septiembre-mejor-mes-comprar-vender-marbella\/"]}]},{"@type":"ImageObject","inLanguage":"es","@id":"https:\/\/sveforsrealty.com\/es\/septiembre-mejor-mes-comprar-vender-marbella\/#primaryimage","url":"https:\/\/sveforsrealty.com\/wp-content\/uploads\/2025\/09\/portada-youtube-scaled.jpg","contentUrl":"https:\/\/sveforsrealty.com\/wp-content\/uploads\/2025\/09\/portada-youtube-scaled.jpg","width":2560,"height":1440,"caption":"Screenshot"},{"@type":"BreadcrumbList","@id":"https:\/\/sveforsrealty.com\/es\/septiembre-mejor-mes-comprar-vender-marbella\/#breadcrumb","itemListElement":[{"@type":"ListItem","position":1,"name":"Home","item":"https:\/\/sveforsrealty.com\/es\/"},{"@type":"ListItem","position":2,"name":"Septiembre: el mejor mes para comprar o vender vivienda en Marbella\u00a0"}]},{"@type":"WebSite","@id":"https:\/\/sveforsrealty.com\/es\/#website","url":"https:\/\/sveforsrealty.com\/es\/","name":"Svefors Realty | Marbella","description":"Svefors Realty, m\u00e1s de 20 a\u00f1os de experiencia en el mercado inmobiliaria en la Costa del Sol.","publisher":{"@id":"https:\/\/sveforsrealty.com\/es\/#organization"},"potentialAction":[{"@type":"SearchAction","target":{"@type":"EntryPoint","urlTemplate":"https:\/\/sveforsrealty.com\/es\/?s={search_term_string}"},"query-input":{"@type":"PropertyValueSpecification","valueRequired":true,"valueName":"search_term_string"}}],"inLanguage":"es"},{"@type":"Organization","@id":"https:\/\/sveforsrealty.com\/es\/#organization","name":"Svefors Realty | Marbella","url":"https:\/\/sveforsrealty.com\/es\/","logo":{"@type":"ImageObject","inLanguage":"es","@id":"https:\/\/sveforsrealty.com\/es\/#\/schema\/logo\/image\/","url":"https:\/\/sveforsrealty.com\/wp-content\/uploads\/2022\/02\/logo-svefors.png","contentUrl":"https:\/\/sveforsrealty.com\/wp-content\/uploads\/2022\/02\/logo-svefors.png","width":480,"height":102,"caption":"Svefors Realty | Marbella"},"image":{"@id":"https:\/\/sveforsrealty.com\/es\/#\/schema\/logo\/image\/"},"sameAs":["https:\/\/www.facebook.com\/SveforsRealty\/"]},{"@type":"Person","@id":"https:\/\/sveforsrealty.com\/es\/#\/schema\/person\/844689fbf8577fd9ad4cd7c5052c0231","name":"Aitana","image":{"@type":"ImageObject","inLanguage":"es","@id":"https:\/\/secure.gravatar.com\/avatar\/687511f24924eb3a8d408f3f37b54adf63e22c9df60f0e9e547dce614f25a57b?s=96&d=mm&r=g","url":"https:\/\/secure.gravatar.com\/avatar\/687511f24924eb3a8d408f3f37b54adf63e22c9df60f0e9e547dce614f25a57b?s=96&d=mm&r=g","contentUrl":"https:\/\/secure.gravatar.com\/avatar\/687511f24924eb3a8d408f3f37b54adf63e22c9df60f0e9e547dce614f25a57b?s=96&d=mm&r=g","caption":"Aitana"},"sameAs":["https:\/\/sveforsrealty.com\/"],"url":"https:\/\/sveforsrealty.com\/es\/author\/ait4n4\/"}]}},"_links":{"self":[{"href":"https:\/\/sveforsrealty.com\/es\/wp-json\/wp\/v2\/posts\/2597","targetHints":{"allow":["GET"]}}],"collection":[{"href":"https:\/\/sveforsrealty.com\/es\/wp-json\/wp\/v2\/posts"}],"about":[{"href":"https:\/\/sveforsrealty.com\/es\/wp-json\/wp\/v2\/types\/post"}],"author":[{"embeddable":true,"href":"https:\/\/sveforsrealty.com\/es\/wp-json\/wp\/v2\/users\/3"}],"replies":[{"embeddable":true,"href":"https:\/\/sveforsrealty.com\/es\/wp-json\/wp\/v2\/comments?post=2597"}],"version-history":[{"count":1,"href":"https:\/\/sveforsrealty.com\/es\/wp-json\/wp\/v2\/posts\/2597\/revisions"}],"predecessor-version":[{"id":2598,"href":"https:\/\/sveforsrealty.com\/es\/wp-json\/wp\/v2\/posts\/2597\/revisions\/2598"}],"wp:featuredmedia":[{"embeddable":true,"href":"https:\/\/sveforsrealty.com\/es\/wp-json\/wp\/v2\/media\/2594"}],"wp:attachment":[{"href":"https:\/\/sveforsrealty.com\/es\/wp-json\/wp\/v2\/media?parent=2597"}],"wp:term":[{"taxonomy":"category","embeddable":true,"href":"https:\/\/sveforsrealty.com\/es\/wp-json\/wp\/v2\/categories?post=2597"},{"taxonomy":"post_tag","embeddable":true,"href":"https:\/\/sveforsrealty.com\/es\/wp-json\/wp\/v2\/tags?post=2597"}],"curies":[{"name":"wp","href":"https:\/\/api.w.org\/{rel}","templated":true}]}}