{"id":2376,"date":"2024-03-26T11:11:34","date_gmt":"2024-03-26T10:11:34","guid":{"rendered":"https:\/\/sveforsrealty.com\/?p=2376"},"modified":"2024-03-26T11:11:37","modified_gmt":"2024-03-26T10:11:37","slug":"semana-santa-marbella","status":"publish","type":"post","link":"https:\/\/sveforsrealty.com\/es\/semana-santa-marbella\/","title":{"rendered":"Semana Santa en Marbella"},"content":{"rendered":"\n<p>La Semana Santa en Marbella es una de las \u00e9pocas m\u00e1s bonitas del a\u00f1o en la ciudad. Se trata de una semana llena de cultura y tradici\u00f3n, al igual que en el resto de ciudades andaluzas. Esta Semana da comienzo con el Domingo de Ramos, d\u00eda que refleja la entrada de Jes\u00fas a Jerusal\u00e9n.<\/p>\n\n\n\n<p>Durante toda la semana podr\u00e1s disfrutar de los diferentes pasos, unos impresionantes tronos con representaciones de Cristo o de la Virgen. Estos pasos, decorados con velas, flores y detalles, son portados por varias decenas de personas, que los pasean por las calles de Marbella. Todo ello al ritmo de una banda de m\u00fasica que acompa\u00f1a a cada paso, m\u00fasica t\u00edpica de Semana Santa que har\u00e1 que te emociones.<\/p>\n\n\n\n<h3 class=\"wp-block-heading\">Domingo de Ramos &#8211; La Pollinica<\/h3>\n\n\n\n<p>La Hermandad de Nuestro Padre Jes\u00fas Cautivo, Mar\u00eda Sant\u00edsima de la Encarnaci\u00f3n y Santa Marta. La llamada Pollinica sale desde la Parroquia de San Pedro de Alc\u00e1ntara, donde recorrer\u00e1 sus calles.<\/p>\n\n\n\n<h3 class=\"wp-block-heading\">Lunes Santo &#8211; Cristo de la Columna<\/h3>\n\n\n\n<p>La Hermandad del Sant\u00edsimo Cristo Atado a la Columna y Mar\u00eda Sant\u00edsima Virgen Blanca. En Marbella sale desde la Ermita del Santo Cristo, a las 20:30 horas.<\/p>\n\n\n\n<h3 class=\"wp-block-heading\">Martes Santo &#8211; El Cautivo y Santa Marta<\/h3>\n\n\n\n<p>Las mujeres toman las calles con el paso de la advocaci\u00f3n a Santa Marta. Adem\u00e1s, se a\u00f1aden las salidas de tres tronos. Como son los de Nuestro Padre Jes\u00fas Cautivo; Santa Marta, San L\u00e1zaro y Mar\u00eda; y Mar\u00eda Sant\u00edsima de la Encarnaci\u00f3n. Esta marcha comenzar\u00e1 a las 21:00 horas desde la Parroquia Nuestra Se\u00f1ora de la Encarnaci\u00f3n. Recorrer\u00e1 las principales calles del centro de Marbella y su casco hist\u00f3rico.<\/p>\n\n\n\n<h3 class=\"wp-block-heading\">Mi\u00e9rcoles Santo &#8211; Cristo del Perd\u00f3n y Nazareno<\/h3>\n\n\n\n<p>El mi\u00e9rcoles Santo comenzar\u00e1 a las 20:30 horas. Ser\u00e1 desde la Iglesia Nuestra Se\u00f1ora de la Encarnaci\u00f3n y recorrer\u00e1 las calles del centro de Marbella. Se trata de los tronos de Nuestro Padre Jes\u00fas Nazareno y Mar\u00eda Sant\u00edsima del Mayor Dolor.<\/p>\n\n\n\n<h3 class=\"wp-block-heading\">Jueves Santo &#8211; Nazarenos y encierro<\/h3>\n\n\n\n<p>Son tres las cofrad\u00edas que sacar\u00e1n sus pasos este Jueves Santo. El Sant\u00edsimo Cristo de la Exaltaci\u00f3n y Mar\u00eda Sant\u00edsima del Calvario saldr\u00e1n a las 17:30 horas desde la Ermita del Calvario. Posteriormente, la Cofrad\u00eda de Nazarenos procesionar\u00e1 el Santo Cristo del Amor a las 20:15 horas desde la Ermita de Santiago, ubicada en la Plaza de los Naranjos. Y, por \u00faltimo, a las 23:30 horas desde la Capilla del Santo Cristo saldr\u00e1 la Hermandad del Santo Cristo de la Vera Cruz. Sus momentos m\u00e1s destacados e impresionantes ser\u00e1n el encierro en silencio y la bajada del Cristo.<\/p>\n\n\n\n<h3 class=\"wp-block-heading\">Viernes Santo &#8211; IV Tercio de la Legi\u00f3n<\/h3>\n\n\n\n<p>El Viernes Santo comenzar\u00e1 con la custodia del Cristo Yacente por la Escuadra del IV Tercio de la Legi\u00f3n, de 12:00 a 14:00 horas en la Iglesia de la Encarnaci\u00f3n. A las 19:30 horas se solicitar\u00e1 la venia para el uso del Pend\u00f3n de la ciudad a las puertas del Ayuntamiento, para trasladar al Sagrado Titular desde la iglesa de la Encarnaci\u00f3n hasta la Plaza del Santo Sepulcro. La salida del Cristo Yacente tendr\u00e1 lugar a las 21:00 horas. Uno de los momentos m\u00e1s destacados ser\u00e1 el encuentro entre Cristo y Nuestra Se\u00f1ora de la Soledad en la Plaza de la Iglesia.<\/p>\n\n\n\n<h3 class=\"wp-block-heading\">Domingo de Resurrecci\u00f3n<\/h3>\n\n\n\n<p>Para terminar la Semana Santa en Marbella, se realiza una marcha procesional con los tronos del Santo Cristo Resucitado, Mar\u00eda Sant\u00edsima de la Victoria y San Juan Evangelista. Esta comenzar\u00e1 a las 10:00 horas desde la Iglesia Nuestra Se\u00f1ora de la Encarnaci\u00f3n.<\/p>\n\n\n\n<p>Esperemos que esta gu\u00eda te sirva como ayuda para conocer un poco m\u00e1s los diferentes pasos de la Semana Santa en Marbella. Por otro lado, para conocer el itinerario de la Semana Santa en San Pedro de Alc\u00e1ntara, te dejamos esta <a href=\"https:\/\/www.marbella24horas.es\/local\/horarios-y-recorridos-de-la-semana-santa-2024-de-san-pedro-alcantara-nbsp-37564\">gu\u00eda oficial haciendo click aqu\u00ed.<\/a> Y si quieres conocer m\u00e1s planes para hacer en Marbella esta primavera, no dudes en leer nuestro <a href=\"https:\/\/sveforsrealty.com\/es\/primavera-marbella\/\">\u00faltimo art\u00edculo haciendo click aqu\u00ed.<\/a><\/p>\n","protected":false},"excerpt":{"rendered":"<p>La Semana Santa en Marbella es una de las \u00e9pocas m\u00e1s bonitas del a\u00f1o en la ciudad. Se trata de una semana llena de cultura y tradici\u00f3n, al igual que en el resto de ciudades andaluzas. Esta Semana da comienzo con el Domingo de Ramos, d\u00eda que refleja la entrada de Jes\u00fas a Jerusal\u00e9n. Durante [&hellip;]<\/p>\n","protected":false},"author":3,"featured_media":2377,"comment_status":"closed","ping_status":"closed","sticky":false,"template":"","format":"standard","meta":{"inline_featured_image":false,"footnotes":""},"categories":[2],"tags":[],"class_list":["post-2376","post","type-post","status-publish","format-standard","has-post-thumbnail","hentry","category-marbella"],"yoast_head":"<!-- This site is optimized with the Yoast SEO plugin v27.5 - https:\/\/yoast.com\/product\/yoast-seo-wordpress\/ -->\n<title>Semana Santa en Marbella - Svefors Realty | Marbella<\/title>\n<meta name=\"description\" content=\"La Semana Santa en Marbella es una de las \u00e9pocas m\u00e1s bonitas del a\u00f1o en la ciudad. Se trata de una semana llena de cultura y tradici\u00f3n.\" \/>\n<meta name=\"robots\" content=\"noindex, follow\" \/>\n<meta property=\"og:locale\" content=\"es_ES\" \/>\n<meta property=\"og:type\" content=\"article\" \/>\n<meta property=\"og:title\" content=\"Semana Santa en Marbella - Svefors Realty | Marbella\" \/>\n<meta property=\"og:description\" content=\"La Semana Santa en Marbella es una de las \u00e9pocas m\u00e1s bonitas del a\u00f1o en la ciudad. Se trata de una semana llena de cultura y tradici\u00f3n.\" \/>\n<meta property=\"og:url\" content=\"https:\/\/sveforsrealty.com\/es\/semana-santa-marbella\/\" \/>\n<meta property=\"og:site_name\" content=\"Svefors Realty | Marbella\" \/>\n<meta property=\"article:publisher\" content=\"https:\/\/www.facebook.com\/SveforsRealty\/\" \/>\n<meta property=\"article:published_time\" content=\"2024-03-26T10:11:34+00:00\" \/>\n<meta property=\"article:modified_time\" content=\"2024-03-26T10:11:37+00:00\" \/>\n<meta property=\"og:image\" content=\"https:\/\/sveforsrealty.com\/wp-content\/uploads\/2024\/03\/semana-santa-2357821_1280.jpg\" \/>\n\t<meta property=\"og:image:width\" content=\"1280\" \/>\n\t<meta property=\"og:image:height\" content=\"960\" \/>\n\t<meta property=\"og:image:type\" content=\"image\/jpeg\" \/>\n<meta name=\"author\" content=\"Aitana\" \/>\n<meta name=\"twitter:card\" content=\"summary_large_image\" \/>\n<meta name=\"twitter:label1\" content=\"Escrito por\" \/>\n\t<meta name=\"twitter:data1\" content=\"Aitana\" \/>\n\t<meta name=\"twitter:label2\" content=\"Tiempo de lectura\" \/>\n\t<meta name=\"twitter:data2\" content=\"4 minutos\" \/>\n<script type=\"application\/ld+json\" class=\"yoast-schema-graph\">{\"@context\":\"https:\\\/\\\/schema.org\",\"@graph\":[{\"@type\":\"Article\",\"@id\":\"https:\\\/\\\/sveforsrealty.com\\\/es\\\/semana-santa-marbella\\\/#article\",\"isPartOf\":{\"@id\":\"https:\\\/\\\/sveforsrealty.com\\\/es\\\/semana-santa-marbella\\\/\"},\"author\":{\"name\":\"Aitana\",\"@id\":\"https:\\\/\\\/sveforsrealty.com\\\/es\\\/#\\\/schema\\\/person\\\/844689fbf8577fd9ad4cd7c5052c0231\"},\"headline\":\"Semana Santa en Marbella\",\"datePublished\":\"2024-03-26T10:11:34+00:00\",\"dateModified\":\"2024-03-26T10:11:37+00:00\",\"mainEntityOfPage\":{\"@id\":\"https:\\\/\\\/sveforsrealty.com\\\/es\\\/semana-santa-marbella\\\/\"},\"wordCount\":706,\"publisher\":{\"@id\":\"https:\\\/\\\/sveforsrealty.com\\\/es\\\/#organization\"},\"image\":{\"@id\":\"https:\\\/\\\/sveforsrealty.com\\\/es\\\/semana-santa-marbella\\\/#primaryimage\"},\"thumbnailUrl\":\"https:\\\/\\\/sveforsrealty.com\\\/wp-content\\\/uploads\\\/2024\\\/03\\\/semana-santa-2357821_1280.jpg\",\"articleSection\":[\"Marbella\"],\"inLanguage\":\"es\"},{\"@type\":\"WebPage\",\"@id\":\"https:\\\/\\\/sveforsrealty.com\\\/es\\\/semana-santa-marbella\\\/\",\"url\":\"https:\\\/\\\/sveforsrealty.com\\\/es\\\/semana-santa-marbella\\\/\",\"name\":\"Semana Santa en Marbella - Svefors Realty | Marbella\",\"isPartOf\":{\"@id\":\"https:\\\/\\\/sveforsrealty.com\\\/es\\\/#website\"},\"primaryImageOfPage\":{\"@id\":\"https:\\\/\\\/sveforsrealty.com\\\/es\\\/semana-santa-marbella\\\/#primaryimage\"},\"image\":{\"@id\":\"https:\\\/\\\/sveforsrealty.com\\\/es\\\/semana-santa-marbella\\\/#primaryimage\"},\"thumbnailUrl\":\"https:\\\/\\\/sveforsrealty.com\\\/wp-content\\\/uploads\\\/2024\\\/03\\\/semana-santa-2357821_1280.jpg\",\"datePublished\":\"2024-03-26T10:11:34+00:00\",\"dateModified\":\"2024-03-26T10:11:37+00:00\",\"description\":\"La Semana Santa en Marbella es una de las \u00e9pocas m\u00e1s bonitas del a\u00f1o en la ciudad. Se trata de una semana llena de cultura y tradici\u00f3n.\",\"breadcrumb\":{\"@id\":\"https:\\\/\\\/sveforsrealty.com\\\/es\\\/semana-santa-marbella\\\/#breadcrumb\"},\"inLanguage\":\"es\",\"potentialAction\":[{\"@type\":\"ReadAction\",\"target\":[\"https:\\\/\\\/sveforsrealty.com\\\/es\\\/semana-santa-marbella\\\/\"]}]},{\"@type\":\"ImageObject\",\"inLanguage\":\"es\",\"@id\":\"https:\\\/\\\/sveforsrealty.com\\\/es\\\/semana-santa-marbella\\\/#primaryimage\",\"url\":\"https:\\\/\\\/sveforsrealty.com\\\/wp-content\\\/uploads\\\/2024\\\/03\\\/semana-santa-2357821_1280.jpg\",\"contentUrl\":\"https:\\\/\\\/sveforsrealty.com\\\/wp-content\\\/uploads\\\/2024\\\/03\\\/semana-santa-2357821_1280.jpg\",\"width\":1280,\"height\":960},{\"@type\":\"BreadcrumbList\",\"@id\":\"https:\\\/\\\/sveforsrealty.com\\\/es\\\/semana-santa-marbella\\\/#breadcrumb\",\"itemListElement\":[{\"@type\":\"ListItem\",\"position\":1,\"name\":\"Home\",\"item\":\"https:\\\/\\\/sveforsrealty.com\\\/es\\\/\"},{\"@type\":\"ListItem\",\"position\":2,\"name\":\"Semana Santa en Marbella\"}]},{\"@type\":\"WebSite\",\"@id\":\"https:\\\/\\\/sveforsrealty.com\\\/es\\\/#website\",\"url\":\"https:\\\/\\\/sveforsrealty.com\\\/es\\\/\",\"name\":\"Svefors Realty | Marbella\",\"description\":\"Svefors Realty, m\u00e1s de 20 a\u00f1os de experiencia en el mercado inmobiliaria en la Costa del Sol.\",\"publisher\":{\"@id\":\"https:\\\/\\\/sveforsrealty.com\\\/es\\\/#organization\"},\"potentialAction\":[{\"@type\":\"SearchAction\",\"target\":{\"@type\":\"EntryPoint\",\"urlTemplate\":\"https:\\\/\\\/sveforsrealty.com\\\/es\\\/?s={search_term_string}\"},\"query-input\":{\"@type\":\"PropertyValueSpecification\",\"valueRequired\":true,\"valueName\":\"search_term_string\"}}],\"inLanguage\":\"es\"},{\"@type\":\"Organization\",\"@id\":\"https:\\\/\\\/sveforsrealty.com\\\/es\\\/#organization\",\"name\":\"Svefors Realty | Marbella\",\"url\":\"https:\\\/\\\/sveforsrealty.com\\\/es\\\/\",\"logo\":{\"@type\":\"ImageObject\",\"inLanguage\":\"es\",\"@id\":\"https:\\\/\\\/sveforsrealty.com\\\/es\\\/#\\\/schema\\\/logo\\\/image\\\/\",\"url\":\"https:\\\/\\\/sveforsrealty.com\\\/wp-content\\\/uploads\\\/2022\\\/02\\\/logo-svefors.png\",\"contentUrl\":\"https:\\\/\\\/sveforsrealty.com\\\/wp-content\\\/uploads\\\/2022\\\/02\\\/logo-svefors.png\",\"width\":480,\"height\":102,\"caption\":\"Svefors Realty | Marbella\"},\"image\":{\"@id\":\"https:\\\/\\\/sveforsrealty.com\\\/es\\\/#\\\/schema\\\/logo\\\/image\\\/\"},\"sameAs\":[\"https:\\\/\\\/www.facebook.com\\\/SveforsRealty\\\/\"]},{\"@type\":\"Person\",\"@id\":\"https:\\\/\\\/sveforsrealty.com\\\/es\\\/#\\\/schema\\\/person\\\/844689fbf8577fd9ad4cd7c5052c0231\",\"name\":\"Aitana\",\"image\":{\"@type\":\"ImageObject\",\"inLanguage\":\"es\",\"@id\":\"https:\\\/\\\/secure.gravatar.com\\\/avatar\\\/687511f24924eb3a8d408f3f37b54adf63e22c9df60f0e9e547dce614f25a57b?s=96&d=mm&r=g\",\"url\":\"https:\\\/\\\/secure.gravatar.com\\\/avatar\\\/687511f24924eb3a8d408f3f37b54adf63e22c9df60f0e9e547dce614f25a57b?s=96&d=mm&r=g\",\"contentUrl\":\"https:\\\/\\\/secure.gravatar.com\\\/avatar\\\/687511f24924eb3a8d408f3f37b54adf63e22c9df60f0e9e547dce614f25a57b?s=96&d=mm&r=g\",\"caption\":\"Aitana\"},\"sameAs\":[\"https:\\\/\\\/sveforsrealty.com\\\/\"],\"url\":\"https:\\\/\\\/sveforsrealty.com\\\/es\\\/author\\\/ait4n4\\\/\"}]}<\/script>\n<!-- \/ Yoast SEO plugin. -->","yoast_head_json":{"title":"Semana Santa en Marbella - Svefors Realty | Marbella","description":"La Semana Santa en Marbella es una de las \u00e9pocas m\u00e1s bonitas del a\u00f1o en la ciudad. Se trata de una semana llena de cultura y tradici\u00f3n.","robots":{"index":"noindex","follow":"follow"},"og_locale":"es_ES","og_type":"article","og_title":"Semana Santa en Marbella - Svefors Realty | Marbella","og_description":"La Semana Santa en Marbella es una de las \u00e9pocas m\u00e1s bonitas del a\u00f1o en la ciudad. Se trata de una semana llena de cultura y tradici\u00f3n.","og_url":"https:\/\/sveforsrealty.com\/es\/semana-santa-marbella\/","og_site_name":"Svefors Realty | Marbella","article_publisher":"https:\/\/www.facebook.com\/SveforsRealty\/","article_published_time":"2024-03-26T10:11:34+00:00","article_modified_time":"2024-03-26T10:11:37+00:00","og_image":[{"width":1280,"height":960,"url":"https:\/\/sveforsrealty.com\/wp-content\/uploads\/2024\/03\/semana-santa-2357821_1280.jpg","type":"image\/jpeg"}],"author":"Aitana","twitter_card":"summary_large_image","twitter_misc":{"Escrito por":"Aitana","Tiempo de lectura":"4 minutos"},"schema":{"@context":"https:\/\/schema.org","@graph":[{"@type":"Article","@id":"https:\/\/sveforsrealty.com\/es\/semana-santa-marbella\/#article","isPartOf":{"@id":"https:\/\/sveforsrealty.com\/es\/semana-santa-marbella\/"},"author":{"name":"Aitana","@id":"https:\/\/sveforsrealty.com\/es\/#\/schema\/person\/844689fbf8577fd9ad4cd7c5052c0231"},"headline":"Semana Santa en Marbella","datePublished":"2024-03-26T10:11:34+00:00","dateModified":"2024-03-26T10:11:37+00:00","mainEntityOfPage":{"@id":"https:\/\/sveforsrealty.com\/es\/semana-santa-marbella\/"},"wordCount":706,"publisher":{"@id":"https:\/\/sveforsrealty.com\/es\/#organization"},"image":{"@id":"https:\/\/sveforsrealty.com\/es\/semana-santa-marbella\/#primaryimage"},"thumbnailUrl":"https:\/\/sveforsrealty.com\/wp-content\/uploads\/2024\/03\/semana-santa-2357821_1280.jpg","articleSection":["Marbella"],"inLanguage":"es"},{"@type":"WebPage","@id":"https:\/\/sveforsrealty.com\/es\/semana-santa-marbella\/","url":"https:\/\/sveforsrealty.com\/es\/semana-santa-marbella\/","name":"Semana Santa en Marbella - Svefors Realty | Marbella","isPartOf":{"@id":"https:\/\/sveforsrealty.com\/es\/#website"},"primaryImageOfPage":{"@id":"https:\/\/sveforsrealty.com\/es\/semana-santa-marbella\/#primaryimage"},"image":{"@id":"https:\/\/sveforsrealty.com\/es\/semana-santa-marbella\/#primaryimage"},"thumbnailUrl":"https:\/\/sveforsrealty.com\/wp-content\/uploads\/2024\/03\/semana-santa-2357821_1280.jpg","datePublished":"2024-03-26T10:11:34+00:00","dateModified":"2024-03-26T10:11:37+00:00","description":"La Semana Santa en Marbella es una de las \u00e9pocas m\u00e1s bonitas del a\u00f1o en la ciudad. Se trata de una semana llena de cultura y tradici\u00f3n.","breadcrumb":{"@id":"https:\/\/sveforsrealty.com\/es\/semana-santa-marbella\/#breadcrumb"},"inLanguage":"es","potentialAction":[{"@type":"ReadAction","target":["https:\/\/sveforsrealty.com\/es\/semana-santa-marbella\/"]}]},{"@type":"ImageObject","inLanguage":"es","@id":"https:\/\/sveforsrealty.com\/es\/semana-santa-marbella\/#primaryimage","url":"https:\/\/sveforsrealty.com\/wp-content\/uploads\/2024\/03\/semana-santa-2357821_1280.jpg","contentUrl":"https:\/\/sveforsrealty.com\/wp-content\/uploads\/2024\/03\/semana-santa-2357821_1280.jpg","width":1280,"height":960},{"@type":"BreadcrumbList","@id":"https:\/\/sveforsrealty.com\/es\/semana-santa-marbella\/#breadcrumb","itemListElement":[{"@type":"ListItem","position":1,"name":"Home","item":"https:\/\/sveforsrealty.com\/es\/"},{"@type":"ListItem","position":2,"name":"Semana Santa en Marbella"}]},{"@type":"WebSite","@id":"https:\/\/sveforsrealty.com\/es\/#website","url":"https:\/\/sveforsrealty.com\/es\/","name":"Svefors Realty | Marbella","description":"Svefors Realty, m\u00e1s de 20 a\u00f1os de experiencia en el mercado inmobiliaria en la Costa del Sol.","publisher":{"@id":"https:\/\/sveforsrealty.com\/es\/#organization"},"potentialAction":[{"@type":"SearchAction","target":{"@type":"EntryPoint","urlTemplate":"https:\/\/sveforsrealty.com\/es\/?s={search_term_string}"},"query-input":{"@type":"PropertyValueSpecification","valueRequired":true,"valueName":"search_term_string"}}],"inLanguage":"es"},{"@type":"Organization","@id":"https:\/\/sveforsrealty.com\/es\/#organization","name":"Svefors Realty | Marbella","url":"https:\/\/sveforsrealty.com\/es\/","logo":{"@type":"ImageObject","inLanguage":"es","@id":"https:\/\/sveforsrealty.com\/es\/#\/schema\/logo\/image\/","url":"https:\/\/sveforsrealty.com\/wp-content\/uploads\/2022\/02\/logo-svefors.png","contentUrl":"https:\/\/sveforsrealty.com\/wp-content\/uploads\/2022\/02\/logo-svefors.png","width":480,"height":102,"caption":"Svefors Realty | Marbella"},"image":{"@id":"https:\/\/sveforsrealty.com\/es\/#\/schema\/logo\/image\/"},"sameAs":["https:\/\/www.facebook.com\/SveforsRealty\/"]},{"@type":"Person","@id":"https:\/\/sveforsrealty.com\/es\/#\/schema\/person\/844689fbf8577fd9ad4cd7c5052c0231","name":"Aitana","image":{"@type":"ImageObject","inLanguage":"es","@id":"https:\/\/secure.gravatar.com\/avatar\/687511f24924eb3a8d408f3f37b54adf63e22c9df60f0e9e547dce614f25a57b?s=96&d=mm&r=g","url":"https:\/\/secure.gravatar.com\/avatar\/687511f24924eb3a8d408f3f37b54adf63e22c9df60f0e9e547dce614f25a57b?s=96&d=mm&r=g","contentUrl":"https:\/\/secure.gravatar.com\/avatar\/687511f24924eb3a8d408f3f37b54adf63e22c9df60f0e9e547dce614f25a57b?s=96&d=mm&r=g","caption":"Aitana"},"sameAs":["https:\/\/sveforsrealty.com\/"],"url":"https:\/\/sveforsrealty.com\/es\/author\/ait4n4\/"}]}},"_links":{"self":[{"href":"https:\/\/sveforsrealty.com\/es\/wp-json\/wp\/v2\/posts\/2376","targetHints":{"allow":["GET"]}}],"collection":[{"href":"https:\/\/sveforsrealty.com\/es\/wp-json\/wp\/v2\/posts"}],"about":[{"href":"https:\/\/sveforsrealty.com\/es\/wp-json\/wp\/v2\/types\/post"}],"author":[{"embeddable":true,"href":"https:\/\/sveforsrealty.com\/es\/wp-json\/wp\/v2\/users\/3"}],"replies":[{"embeddable":true,"href":"https:\/\/sveforsrealty.com\/es\/wp-json\/wp\/v2\/comments?post=2376"}],"version-history":[{"count":1,"href":"https:\/\/sveforsrealty.com\/es\/wp-json\/wp\/v2\/posts\/2376\/revisions"}],"predecessor-version":[{"id":2381,"href":"https:\/\/sveforsrealty.com\/es\/wp-json\/wp\/v2\/posts\/2376\/revisions\/2381"}],"wp:featuredmedia":[{"embeddable":true,"href":"https:\/\/sveforsrealty.com\/es\/wp-json\/wp\/v2\/media\/2377"}],"wp:attachment":[{"href":"https:\/\/sveforsrealty.com\/es\/wp-json\/wp\/v2\/media?parent=2376"}],"wp:term":[{"taxonomy":"category","embeddable":true,"href":"https:\/\/sveforsrealty.com\/es\/wp-json\/wp\/v2\/categories?post=2376"},{"taxonomy":"post_tag","embeddable":true,"href":"https:\/\/sveforsrealty.com\/es\/wp-json\/wp\/v2\/tags?post=2376"}],"curies":[{"name":"wp","href":"https:\/\/api.w.org\/{rel}","templated":true}]}}