{"id":2351,"date":"2024-03-19T10:16:45","date_gmt":"2024-03-19T09:16:45","guid":{"rendered":"https:\/\/sveforsrealty.com\/?p=2351"},"modified":"2024-03-19T10:32:58","modified_gmt":"2024-03-19T09:32:58","slug":"primavera-marbella","status":"publish","type":"post","link":"https:\/\/sveforsrealty.com\/es\/primavera-marbella\/","title":{"rendered":"La primavera en Marbella"},"content":{"rendered":"\n<p>La primavera en Marbella es, sin duda, una de las mejores \u00e9pocas para visitarla. Empiezan a aparecer las primeras flores, el sol nos acompa\u00f1a casi todos los d\u00edas, pero todav\u00eda no hace ese calor tan intenso del verano. El mar y la playa en primavera es cuando m\u00e1s se disfrutan.<\/p>\n\n\n\n<p>A pocos d\u00edas que comience oficialmente la primavera en Marbella, se empiezan a notar los d\u00edas m\u00e1s largos. Eso nos permite disfrutar de muchas actividades. A continuaci\u00f3n te dejamos algunas opciones para poder disfrutar de esta \u00e9poca tan bonita.<\/p>\n\n\n<div class=\"wp-block-image\">\n<figure class=\"aligncenter size-full is-resized\"><img loading=\"lazy\" decoding=\"async\" width=\"960\" height=\"1280\" src=\"https:\/\/sveforsrealty.com\/wp-content\/uploads\/2024\/03\/marbella-4060680_1280.jpg\" alt=\"\" class=\"wp-image-2364\" style=\"width:296px;height:auto\" srcset=\"https:\/\/sveforsrealty.com\/wp-content\/uploads\/2024\/03\/marbella-4060680_1280.jpg 960w, https:\/\/sveforsrealty.com\/wp-content\/uploads\/2024\/03\/marbella-4060680_1280-600x800.jpg 600w, https:\/\/sveforsrealty.com\/wp-content\/uploads\/2024\/03\/marbella-4060680_1280-768x1024.jpg 768w\" sizes=\"auto, (max-width: 960px) 100vw, 960px\" \/><\/figure>\n<\/div>\n\n\n<div style=\"height:24px\" aria-hidden=\"true\" class=\"wp-block-spacer\"><\/div>\n\n\n\n<h2 class=\"wp-block-heading\"><strong>Actividades para disfrutar la primavera en Marbella<\/strong><\/h2>\n\n\n\n<p>Existe una larga lista de actividades que puedes realizar para disfrutar de la primavera en Marbella, pero te dejaremos nuestras favoritas:<\/p>\n\n\n\n<ul class=\"wp-block-list\">\n<li>La playa. Es, sin duda, nuestra favorita. En esta \u00e9poca, que no hace fr\u00edo ni calor, ni tampoco se encuentra abarrotada, es cuando m\u00e1s se disfruta. Tras una ma\u00f1ana en la playa podr\u00e1s improvisar un picnic con la familia, o comer en uno de los muchos chiringuitos que nos ofrece Marbella.<\/li>\n\n\n\n<li>Otro lugar maravilloso para esta \u00e9poca, es el Casco Antiguo de Marbella. Podr\u00e1s dar un paseo tranquilo por sus estrechas calles, y descubrir sus peque\u00f1as iglesias, capillas y locales artesanales. Las flores est\u00e1n floreciendo, y el olor a azahar invade el lugar.<\/li>\n\n\n\n<li>Para descubrir Marbella desde otro punto de vista, puedes subirte a un catamar\u00e1n y observar la ciudad desde el mar Mediterr\u00e1neo. Puede ser una opci\u00f3n muy divertida para disfrutar del buen clima, y hacer algo diferente. Este trayecto puedes realizarlo desde Puerto Ban\u00fas o el Puerto de Marbella.<\/li>\n\n\n\n<li>Aunque el agua del mar siga estando muy fr\u00eda, esta \u00e9poca es muy buena para realizar deportes acu\u00e1ticos. Como el kite-surf en los d\u00edas de m\u00e1s oleaje, o padel-surf en los d\u00edas donde el mar se encuentre m\u00e1s tranquilo.<\/li>\n<\/ul>\n\n\n<div class=\"wp-block-image\">\n<figure class=\"aligncenter size-full is-resized\"><img loading=\"lazy\" decoding=\"async\" width=\"1280\" height=\"853\" src=\"https:\/\/sveforsrealty.com\/wp-content\/uploads\/2024\/03\/sea-1613408_1280.jpg\" alt=\"\" class=\"wp-image-2356\" style=\"width:579px;height:auto\" srcset=\"https:\/\/sveforsrealty.com\/wp-content\/uploads\/2024\/03\/sea-1613408_1280.jpg 1280w, https:\/\/sveforsrealty.com\/wp-content\/uploads\/2024\/03\/sea-1613408_1280-800x533.jpg 800w, https:\/\/sveforsrealty.com\/wp-content\/uploads\/2024\/03\/sea-1613408_1280-768x512.jpg 768w\" sizes=\"auto, (max-width: 1280px) 100vw, 1280px\" \/><\/figure>\n<\/div>\n\n\n<div style=\"height:21px\" aria-hidden=\"true\" class=\"wp-block-spacer\"><\/div>\n\n\n\n<h2 class=\"wp-block-heading\"><strong>Escapadas desde Marbella en primavera<\/strong><\/h2>\n\n\n\n<p>Marbella ofrece muchas posibilidades de ocio, pero tambi\u00e9n se encuentra rodeada de otros lugares donde tambi\u00e9n disfrutar la primavera. El Puerto de Estepona en esta \u00e9poca se encuentra muy bonito y muy agradable. Ofrece muchos restaurantes y chiringuitos donde disfrutar de la comida andaluza en una terraza al sol.<\/p>\n\n\n\n<p>Por otro lado, M\u00e1laga es una gran ciudad, la capital de la provincia. Siempre es una buena opci\u00f3n, ya sea en primavera o en cualquier \u00e9poca del a\u00f1o. Pero si buscas una alternativa un poco m\u00e1s cercana, Benahav\u00eds es una gran opci\u00f3n. Un pueblo que, sin duda, te sorprender\u00e1. Pasear por las calles del pueblo, con el encanto de un pueblo andaluz, y terminar comiendo en uno de sus restaurantes, es un gran plan para un fin de semana en primavera.<\/p>\n\n\n\n<p>Otra opci\u00f3n es realizar una escapada a Gibraltar, donde tendr\u00e1s varias actividades para realizar en este territorio. No te pierdas nuestro <a href=\"https:\/\/sveforsrealty.com\/es\/excursion-de-marbella-a-gibraltar\/\">art\u00edculo sobre Gibraltar, haciendo click aqu\u00ed, <\/a>donde encontrar\u00e1s toda la informaci\u00f3n necesaria para disfrutar de este lugar \u00fanico.<\/p>\n\n\n<div class=\"wp-block-image\">\n<figure class=\"aligncenter size-full is-resized\"><img loading=\"lazy\" decoding=\"async\" width=\"1280\" height=\"848\" src=\"https:\/\/sveforsrealty.com\/wp-content\/uploads\/2024\/03\/benahavis.jpg\" alt=\"\" class=\"wp-image-2352\" style=\"width:477px;height:auto\" srcset=\"https:\/\/sveforsrealty.com\/wp-content\/uploads\/2024\/03\/benahavis.jpg 1280w, https:\/\/sveforsrealty.com\/wp-content\/uploads\/2024\/03\/benahavis-800x530.jpg 800w, https:\/\/sveforsrealty.com\/wp-content\/uploads\/2024\/03\/benahavis-768x509.jpg 768w\" sizes=\"auto, (max-width: 1280px) 100vw, 1280px\" \/><figcaption class=\"wp-element-caption\"><em>Benahav\u00eds<\/em><\/figcaption><\/figure>\n<\/div>\n\n\n<p>Esperemos que os hayan gustado estas recomendaciones. Queda menos de un mes para una de las semanas m\u00e1s esperadas de Marbella, la Semana Santa y los preparativos han comenzado en la ciudad. Estaos atentos para no perderos nuestro art\u00edculo sobre estos d\u00edas m\u00e1gicos, donde encontrar\u00e9is toda la informaci\u00f3n necesaria para disfrutar de la Semana Santa en Marbella. \u00a1Hasta pronto!<\/p>\n","protected":false},"excerpt":{"rendered":"<p>La primavera en Marbella es, sin duda, una de las mejores \u00e9pocas para visitarla. Empiezan a aparecer las primeras flores, el sol nos acompa\u00f1a casi todos los d\u00edas, pero todav\u00eda no hace ese calor tan intenso del verano. El mar y la playa en primavera es cuando m\u00e1s se disfrutan. A pocos d\u00edas que comience [&hellip;]<\/p>\n","protected":false},"author":3,"featured_media":2360,"comment_status":"closed","ping_status":"closed","sticky":false,"template":"","format":"standard","meta":{"inline_featured_image":false,"footnotes":""},"categories":[60,53,2],"tags":[68,63,64,115,67],"class_list":["post-2351","post","type-post","status-publish","format-standard","has-post-thumbnail","hentry","category-cultura-y-actividades","category-estilo-de-vida","category-marbella","tag-apartamentos","tag-costa-del-sol","tag-marbella","tag-primavera","tag-verano"],"yoast_head":"<!-- This site is optimized with the Yoast SEO plugin v27.5 - https:\/\/yoast.com\/product\/yoast-seo-wordpress\/ -->\n<title>La primavera en Marbella - Svefors Realty | Marbella<\/title>\n<meta name=\"description\" content=\"La primavera en Marbella es una de las mejores \u00e9pocas para visitarla. El mar y la playa en primavera es cuando m\u00e1s se disfrutan.\" \/>\n<meta name=\"robots\" content=\"noindex, follow\" \/>\n<meta property=\"og:locale\" content=\"es_ES\" \/>\n<meta property=\"og:type\" content=\"article\" \/>\n<meta property=\"og:title\" content=\"La primavera en Marbella - Svefors Realty | Marbella\" \/>\n<meta property=\"og:description\" content=\"La primavera en Marbella es una de las mejores \u00e9pocas para visitarla. El mar y la playa en primavera es cuando m\u00e1s se disfrutan.\" \/>\n<meta property=\"og:url\" content=\"https:\/\/sveforsrealty.com\/es\/primavera-marbella\/\" \/>\n<meta property=\"og:site_name\" content=\"Svefors Realty | Marbella\" \/>\n<meta property=\"article:publisher\" content=\"https:\/\/www.facebook.com\/SveforsRealty\/\" \/>\n<meta property=\"article:published_time\" content=\"2024-03-19T09:16:45+00:00\" \/>\n<meta property=\"article:modified_time\" content=\"2024-03-19T09:32:58+00:00\" \/>\n<meta property=\"og:image\" content=\"https:\/\/sveforsrealty.com\/wp-content\/uploads\/2024\/03\/bougainvillea-2526873_1280.jpg\" \/>\n\t<meta property=\"og:image:width\" content=\"1280\" \/>\n\t<meta property=\"og:image:height\" content=\"853\" \/>\n\t<meta property=\"og:image:type\" content=\"image\/jpeg\" \/>\n<meta name=\"author\" content=\"Aitana\" \/>\n<meta name=\"twitter:card\" content=\"summary_large_image\" \/>\n<meta name=\"twitter:label1\" content=\"Escrito por\" \/>\n\t<meta name=\"twitter:data1\" content=\"Aitana\" \/>\n\t<meta name=\"twitter:label2\" content=\"Tiempo de lectura\" \/>\n\t<meta name=\"twitter:data2\" content=\"4 minutos\" \/>\n<script type=\"application\/ld+json\" class=\"yoast-schema-graph\">{\"@context\":\"https:\\\/\\\/schema.org\",\"@graph\":[{\"@type\":\"Article\",\"@id\":\"https:\\\/\\\/sveforsrealty.com\\\/es\\\/primavera-marbella\\\/#article\",\"isPartOf\":{\"@id\":\"https:\\\/\\\/sveforsrealty.com\\\/es\\\/primavera-marbella\\\/\"},\"author\":{\"name\":\"Aitana\",\"@id\":\"https:\\\/\\\/sveforsrealty.com\\\/es\\\/#\\\/schema\\\/person\\\/844689fbf8577fd9ad4cd7c5052c0231\"},\"headline\":\"La primavera en Marbella\",\"datePublished\":\"2024-03-19T09:16:45+00:00\",\"dateModified\":\"2024-03-19T09:32:58+00:00\",\"mainEntityOfPage\":{\"@id\":\"https:\\\/\\\/sveforsrealty.com\\\/es\\\/primavera-marbella\\\/\"},\"wordCount\":580,\"publisher\":{\"@id\":\"https:\\\/\\\/sveforsrealty.com\\\/es\\\/#organization\"},\"image\":{\"@id\":\"https:\\\/\\\/sveforsrealty.com\\\/es\\\/primavera-marbella\\\/#primaryimage\"},\"thumbnailUrl\":\"https:\\\/\\\/sveforsrealty.com\\\/wp-content\\\/uploads\\\/2024\\\/03\\\/bougainvillea-2526873_1280.jpg\",\"keywords\":[\"apartamentos\",\"costa del sol\",\"marbella\",\"primavera\",\"verano\"],\"articleSection\":[\"Cultura y actividades\",\"Estilo de vida\",\"Marbella\"],\"inLanguage\":\"es\"},{\"@type\":\"WebPage\",\"@id\":\"https:\\\/\\\/sveforsrealty.com\\\/es\\\/primavera-marbella\\\/\",\"url\":\"https:\\\/\\\/sveforsrealty.com\\\/es\\\/primavera-marbella\\\/\",\"name\":\"La primavera en Marbella - Svefors Realty | Marbella\",\"isPartOf\":{\"@id\":\"https:\\\/\\\/sveforsrealty.com\\\/es\\\/#website\"},\"primaryImageOfPage\":{\"@id\":\"https:\\\/\\\/sveforsrealty.com\\\/es\\\/primavera-marbella\\\/#primaryimage\"},\"image\":{\"@id\":\"https:\\\/\\\/sveforsrealty.com\\\/es\\\/primavera-marbella\\\/#primaryimage\"},\"thumbnailUrl\":\"https:\\\/\\\/sveforsrealty.com\\\/wp-content\\\/uploads\\\/2024\\\/03\\\/bougainvillea-2526873_1280.jpg\",\"datePublished\":\"2024-03-19T09:16:45+00:00\",\"dateModified\":\"2024-03-19T09:32:58+00:00\",\"description\":\"La primavera en Marbella es una de las mejores \u00e9pocas para visitarla. El mar y la playa en primavera es cuando m\u00e1s se disfrutan.\",\"breadcrumb\":{\"@id\":\"https:\\\/\\\/sveforsrealty.com\\\/es\\\/primavera-marbella\\\/#breadcrumb\"},\"inLanguage\":\"es\",\"potentialAction\":[{\"@type\":\"ReadAction\",\"target\":[\"https:\\\/\\\/sveforsrealty.com\\\/es\\\/primavera-marbella\\\/\"]}]},{\"@type\":\"ImageObject\",\"inLanguage\":\"es\",\"@id\":\"https:\\\/\\\/sveforsrealty.com\\\/es\\\/primavera-marbella\\\/#primaryimage\",\"url\":\"https:\\\/\\\/sveforsrealty.com\\\/wp-content\\\/uploads\\\/2024\\\/03\\\/bougainvillea-2526873_1280.jpg\",\"contentUrl\":\"https:\\\/\\\/sveforsrealty.com\\\/wp-content\\\/uploads\\\/2024\\\/03\\\/bougainvillea-2526873_1280.jpg\",\"width\":1280,\"height\":853},{\"@type\":\"BreadcrumbList\",\"@id\":\"https:\\\/\\\/sveforsrealty.com\\\/es\\\/primavera-marbella\\\/#breadcrumb\",\"itemListElement\":[{\"@type\":\"ListItem\",\"position\":1,\"name\":\"Home\",\"item\":\"https:\\\/\\\/sveforsrealty.com\\\/es\\\/\"},{\"@type\":\"ListItem\",\"position\":2,\"name\":\"La primavera en Marbella\"}]},{\"@type\":\"WebSite\",\"@id\":\"https:\\\/\\\/sveforsrealty.com\\\/es\\\/#website\",\"url\":\"https:\\\/\\\/sveforsrealty.com\\\/es\\\/\",\"name\":\"Svefors Realty | Marbella\",\"description\":\"Svefors Realty, m\u00e1s de 20 a\u00f1os de experiencia en el mercado inmobiliaria en la Costa del Sol.\",\"publisher\":{\"@id\":\"https:\\\/\\\/sveforsrealty.com\\\/es\\\/#organization\"},\"potentialAction\":[{\"@type\":\"SearchAction\",\"target\":{\"@type\":\"EntryPoint\",\"urlTemplate\":\"https:\\\/\\\/sveforsrealty.com\\\/es\\\/?s={search_term_string}\"},\"query-input\":{\"@type\":\"PropertyValueSpecification\",\"valueRequired\":true,\"valueName\":\"search_term_string\"}}],\"inLanguage\":\"es\"},{\"@type\":\"Organization\",\"@id\":\"https:\\\/\\\/sveforsrealty.com\\\/es\\\/#organization\",\"name\":\"Svefors Realty | Marbella\",\"url\":\"https:\\\/\\\/sveforsrealty.com\\\/es\\\/\",\"logo\":{\"@type\":\"ImageObject\",\"inLanguage\":\"es\",\"@id\":\"https:\\\/\\\/sveforsrealty.com\\\/es\\\/#\\\/schema\\\/logo\\\/image\\\/\",\"url\":\"https:\\\/\\\/sveforsrealty.com\\\/wp-content\\\/uploads\\\/2022\\\/02\\\/logo-svefors.png\",\"contentUrl\":\"https:\\\/\\\/sveforsrealty.com\\\/wp-content\\\/uploads\\\/2022\\\/02\\\/logo-svefors.png\",\"width\":480,\"height\":102,\"caption\":\"Svefors Realty | Marbella\"},\"image\":{\"@id\":\"https:\\\/\\\/sveforsrealty.com\\\/es\\\/#\\\/schema\\\/logo\\\/image\\\/\"},\"sameAs\":[\"https:\\\/\\\/www.facebook.com\\\/SveforsRealty\\\/\"]},{\"@type\":\"Person\",\"@id\":\"https:\\\/\\\/sveforsrealty.com\\\/es\\\/#\\\/schema\\\/person\\\/844689fbf8577fd9ad4cd7c5052c0231\",\"name\":\"Aitana\",\"image\":{\"@type\":\"ImageObject\",\"inLanguage\":\"es\",\"@id\":\"https:\\\/\\\/secure.gravatar.com\\\/avatar\\\/687511f24924eb3a8d408f3f37b54adf63e22c9df60f0e9e547dce614f25a57b?s=96&d=mm&r=g\",\"url\":\"https:\\\/\\\/secure.gravatar.com\\\/avatar\\\/687511f24924eb3a8d408f3f37b54adf63e22c9df60f0e9e547dce614f25a57b?s=96&d=mm&r=g\",\"contentUrl\":\"https:\\\/\\\/secure.gravatar.com\\\/avatar\\\/687511f24924eb3a8d408f3f37b54adf63e22c9df60f0e9e547dce614f25a57b?s=96&d=mm&r=g\",\"caption\":\"Aitana\"},\"sameAs\":[\"https:\\\/\\\/sveforsrealty.com\\\/\"],\"url\":\"https:\\\/\\\/sveforsrealty.com\\\/es\\\/author\\\/ait4n4\\\/\"}]}<\/script>\n<!-- \/ Yoast SEO plugin. -->","yoast_head_json":{"title":"La primavera en Marbella - Svefors Realty | Marbella","description":"La primavera en Marbella es una de las mejores \u00e9pocas para visitarla. El mar y la playa en primavera es cuando m\u00e1s se disfrutan.","robots":{"index":"noindex","follow":"follow"},"og_locale":"es_ES","og_type":"article","og_title":"La primavera en Marbella - Svefors Realty | Marbella","og_description":"La primavera en Marbella es una de las mejores \u00e9pocas para visitarla. El mar y la playa en primavera es cuando m\u00e1s se disfrutan.","og_url":"https:\/\/sveforsrealty.com\/es\/primavera-marbella\/","og_site_name":"Svefors Realty | Marbella","article_publisher":"https:\/\/www.facebook.com\/SveforsRealty\/","article_published_time":"2024-03-19T09:16:45+00:00","article_modified_time":"2024-03-19T09:32:58+00:00","og_image":[{"width":1280,"height":853,"url":"https:\/\/sveforsrealty.com\/wp-content\/uploads\/2024\/03\/bougainvillea-2526873_1280.jpg","type":"image\/jpeg"}],"author":"Aitana","twitter_card":"summary_large_image","twitter_misc":{"Escrito por":"Aitana","Tiempo de lectura":"4 minutos"},"schema":{"@context":"https:\/\/schema.org","@graph":[{"@type":"Article","@id":"https:\/\/sveforsrealty.com\/es\/primavera-marbella\/#article","isPartOf":{"@id":"https:\/\/sveforsrealty.com\/es\/primavera-marbella\/"},"author":{"name":"Aitana","@id":"https:\/\/sveforsrealty.com\/es\/#\/schema\/person\/844689fbf8577fd9ad4cd7c5052c0231"},"headline":"La primavera en Marbella","datePublished":"2024-03-19T09:16:45+00:00","dateModified":"2024-03-19T09:32:58+00:00","mainEntityOfPage":{"@id":"https:\/\/sveforsrealty.com\/es\/primavera-marbella\/"},"wordCount":580,"publisher":{"@id":"https:\/\/sveforsrealty.com\/es\/#organization"},"image":{"@id":"https:\/\/sveforsrealty.com\/es\/primavera-marbella\/#primaryimage"},"thumbnailUrl":"https:\/\/sveforsrealty.com\/wp-content\/uploads\/2024\/03\/bougainvillea-2526873_1280.jpg","keywords":["apartamentos","costa del sol","marbella","primavera","verano"],"articleSection":["Cultura y actividades","Estilo de vida","Marbella"],"inLanguage":"es"},{"@type":"WebPage","@id":"https:\/\/sveforsrealty.com\/es\/primavera-marbella\/","url":"https:\/\/sveforsrealty.com\/es\/primavera-marbella\/","name":"La primavera en Marbella - Svefors Realty | Marbella","isPartOf":{"@id":"https:\/\/sveforsrealty.com\/es\/#website"},"primaryImageOfPage":{"@id":"https:\/\/sveforsrealty.com\/es\/primavera-marbella\/#primaryimage"},"image":{"@id":"https:\/\/sveforsrealty.com\/es\/primavera-marbella\/#primaryimage"},"thumbnailUrl":"https:\/\/sveforsrealty.com\/wp-content\/uploads\/2024\/03\/bougainvillea-2526873_1280.jpg","datePublished":"2024-03-19T09:16:45+00:00","dateModified":"2024-03-19T09:32:58+00:00","description":"La primavera en Marbella es una de las mejores \u00e9pocas para visitarla. El mar y la playa en primavera es cuando m\u00e1s se disfrutan.","breadcrumb":{"@id":"https:\/\/sveforsrealty.com\/es\/primavera-marbella\/#breadcrumb"},"inLanguage":"es","potentialAction":[{"@type":"ReadAction","target":["https:\/\/sveforsrealty.com\/es\/primavera-marbella\/"]}]},{"@type":"ImageObject","inLanguage":"es","@id":"https:\/\/sveforsrealty.com\/es\/primavera-marbella\/#primaryimage","url":"https:\/\/sveforsrealty.com\/wp-content\/uploads\/2024\/03\/bougainvillea-2526873_1280.jpg","contentUrl":"https:\/\/sveforsrealty.com\/wp-content\/uploads\/2024\/03\/bougainvillea-2526873_1280.jpg","width":1280,"height":853},{"@type":"BreadcrumbList","@id":"https:\/\/sveforsrealty.com\/es\/primavera-marbella\/#breadcrumb","itemListElement":[{"@type":"ListItem","position":1,"name":"Home","item":"https:\/\/sveforsrealty.com\/es\/"},{"@type":"ListItem","position":2,"name":"La primavera en Marbella"}]},{"@type":"WebSite","@id":"https:\/\/sveforsrealty.com\/es\/#website","url":"https:\/\/sveforsrealty.com\/es\/","name":"Svefors Realty | Marbella","description":"Svefors Realty, m\u00e1s de 20 a\u00f1os de experiencia en el mercado inmobiliaria en la Costa del Sol.","publisher":{"@id":"https:\/\/sveforsrealty.com\/es\/#organization"},"potentialAction":[{"@type":"SearchAction","target":{"@type":"EntryPoint","urlTemplate":"https:\/\/sveforsrealty.com\/es\/?s={search_term_string}"},"query-input":{"@type":"PropertyValueSpecification","valueRequired":true,"valueName":"search_term_string"}}],"inLanguage":"es"},{"@type":"Organization","@id":"https:\/\/sveforsrealty.com\/es\/#organization","name":"Svefors Realty | Marbella","url":"https:\/\/sveforsrealty.com\/es\/","logo":{"@type":"ImageObject","inLanguage":"es","@id":"https:\/\/sveforsrealty.com\/es\/#\/schema\/logo\/image\/","url":"https:\/\/sveforsrealty.com\/wp-content\/uploads\/2022\/02\/logo-svefors.png","contentUrl":"https:\/\/sveforsrealty.com\/wp-content\/uploads\/2022\/02\/logo-svefors.png","width":480,"height":102,"caption":"Svefors Realty | Marbella"},"image":{"@id":"https:\/\/sveforsrealty.com\/es\/#\/schema\/logo\/image\/"},"sameAs":["https:\/\/www.facebook.com\/SveforsRealty\/"]},{"@type":"Person","@id":"https:\/\/sveforsrealty.com\/es\/#\/schema\/person\/844689fbf8577fd9ad4cd7c5052c0231","name":"Aitana","image":{"@type":"ImageObject","inLanguage":"es","@id":"https:\/\/secure.gravatar.com\/avatar\/687511f24924eb3a8d408f3f37b54adf63e22c9df60f0e9e547dce614f25a57b?s=96&d=mm&r=g","url":"https:\/\/secure.gravatar.com\/avatar\/687511f24924eb3a8d408f3f37b54adf63e22c9df60f0e9e547dce614f25a57b?s=96&d=mm&r=g","contentUrl":"https:\/\/secure.gravatar.com\/avatar\/687511f24924eb3a8d408f3f37b54adf63e22c9df60f0e9e547dce614f25a57b?s=96&d=mm&r=g","caption":"Aitana"},"sameAs":["https:\/\/sveforsrealty.com\/"],"url":"https:\/\/sveforsrealty.com\/es\/author\/ait4n4\/"}]}},"_links":{"self":[{"href":"https:\/\/sveforsrealty.com\/es\/wp-json\/wp\/v2\/posts\/2351","targetHints":{"allow":["GET"]}}],"collection":[{"href":"https:\/\/sveforsrealty.com\/es\/wp-json\/wp\/v2\/posts"}],"about":[{"href":"https:\/\/sveforsrealty.com\/es\/wp-json\/wp\/v2\/types\/post"}],"author":[{"embeddable":true,"href":"https:\/\/sveforsrealty.com\/es\/wp-json\/wp\/v2\/users\/3"}],"replies":[{"embeddable":true,"href":"https:\/\/sveforsrealty.com\/es\/wp-json\/wp\/v2\/comments?post=2351"}],"version-history":[{"count":2,"href":"https:\/\/sveforsrealty.com\/es\/wp-json\/wp\/v2\/posts\/2351\/revisions"}],"predecessor-version":[{"id":2375,"href":"https:\/\/sveforsrealty.com\/es\/wp-json\/wp\/v2\/posts\/2351\/revisions\/2375"}],"wp:featuredmedia":[{"embeddable":true,"href":"https:\/\/sveforsrealty.com\/es\/wp-json\/wp\/v2\/media\/2360"}],"wp:attachment":[{"href":"https:\/\/sveforsrealty.com\/es\/wp-json\/wp\/v2\/media?parent=2351"}],"wp:term":[{"taxonomy":"category","embeddable":true,"href":"https:\/\/sveforsrealty.com\/es\/wp-json\/wp\/v2\/categories?post=2351"},{"taxonomy":"post_tag","embeddable":true,"href":"https:\/\/sveforsrealty.com\/es\/wp-json\/wp\/v2\/tags?post=2351"}],"curies":[{"name":"wp","href":"https:\/\/api.w.org\/{rel}","templated":true}]}}