{"id":2188,"date":"2023-04-24T17:45:25","date_gmt":"2023-04-24T15:45:25","guid":{"rendered":"https:\/\/sveforsrealty.com\/?p=2188"},"modified":"2023-04-24T21:21:38","modified_gmt":"2023-04-24T19:21:38","slug":"atico-lujo-primera-linea-playa-marbella","status":"publish","type":"post","link":"https:\/\/sveforsrealty.com\/es\/atico-lujo-primera-linea-playa-marbella\/","title":{"rendered":"\u00c1tico de lujo en primera l\u00ednea de playa en San Pedro de Alc\u00e1ntara"},"content":{"rendered":"\n<p>\u00bfBuscas el mejor \u00e1tico de lujo de San Pedro de Alc\u00e1ntara? Desde Svefors Realty te lo mostramos. El mejor \u00e1tico del mercado en San Pedro se encuentra en Las Adelfas. Se encuentra en primera l\u00ednea de playa, rodeada de extensos jardines subtropicales. Una ubicaci\u00f3n inmejorable, con todo tipo de servicios a tan solo un paso. Restaurantes, paseo mar\u00edtimo, centro del pueblo, comercios, etc.<\/p>\n\n\n\n<h2 class=\"wp-block-heading has-text-align-center has-vivid-cyan-blue-color has-text-color\">Datos de inter\u00e9s<\/h2>\n\n\n\n<div class=\"wp-block-columns is-layout-flex wp-container-core-columns-is-layout-9d6595d7 wp-block-columns-is-layout-flex\">\n<div class=\"wp-block-column is-layout-flow wp-block-column-is-layout-flow\" style=\"flex-basis:25%\">\n<p class=\"has-text-align-center\"><\/p>\n<\/div>\n\n\n\n<div class=\"wp-block-column is-layout-flow wp-block-column-is-layout-flow\" style=\"flex-basis:25%\">\n<p class=\"has-text-align-center\">4 habitaciones<\/p>\n\n\n\n<p class=\"has-text-align-center\">182 m2 construidos<\/p>\n\n\n\n<p class=\"has-text-align-center\">38 m2 terraza principal<\/p>\n\n\n\n<p class=\"has-text-align-center\">2 plazas de parking<\/p>\n<\/div>\n\n\n\n<div class=\"wp-block-column is-layout-flow wp-block-column-is-layout-flow\" style=\"flex-basis:25%\">\n<p class=\"has-text-align-center\">3 ba\u00f1os<\/p>\n\n\n\n<p class=\"has-text-align-center\">111 m2 usables<\/p>\n\n\n\n<p class=\"has-text-align-center\">73 m2 sol\u00e1rium<\/p>\n\n\n\n<p class=\"has-text-align-center\">Trastero<\/p>\n<\/div>\n\n\n\n<div class=\"wp-block-column is-layout-flow wp-block-column-is-layout-flow\" style=\"flex-basis:25%\"><\/div>\n<\/div>\n\n\n\n<h2 class=\"wp-block-heading has-text-align-center has-vivid-cyan-blue-color has-text-color\">Distribuci\u00f3n<\/h2>\n\n\n\n<p>El \u00e1tico est\u00e1 parcialmente reformado y actualizado. Con una encantadora arquitectura mediterr\u00e1nea. El \u00e1tico cuenta con 4 dormitorios, 2 ba\u00f1os completos y un aseo de invitados. Uno de los dormitorios con ba\u00f1o en suite, y unas magn\u00edficas vistas al mar. <\/p>\n\n\n\n<p>Cuenta con una cocina moderna abierta, con una gran isla. La cocina conecta con un comedor independiente y una gran sala de estar. La cual conecta con la terraza principal, de orientaci\u00f3n sur y con vistas al mar y a los jardines de la urbanizaci\u00f3n. <\/p>\n\n\n\n<p>Esta terraza principal es ideal, y conecta a la terraza superior. El sol\u00e1rium ofrece una gran zona de barbacoa y una zona chill-out, donde pasar una agradable tarde en familia o con amigos. Tambi\u00e9n cuenta con una peque\u00f1a piscina y una zona privada para tomar el sol. Desde esta terraza es posible disfrutar de unas incre\u00edbles vistas 360\u00ba, tanto del mar como de La Concha, la monta\u00f1a que cubre Marbella.<\/p>\n\n\n\n<figure class=\"wp-block-gallery has-nested-images columns-default is-cropped wp-block-gallery-1 is-layout-flex wp-block-gallery-is-layout-flex\">\n<figure class=\"wp-block-image size-medium\"><img loading=\"lazy\" decoding=\"async\" width=\"800\" height=\"446\" data-id=\"2303\" src=\"https:\/\/sveforsrealty.com\/wp-content\/uploads\/2023\/04\/aa-800x446.jpg\" alt=\"\" class=\"wp-image-2303\" srcset=\"https:\/\/sveforsrealty.com\/wp-content\/uploads\/2023\/04\/aa-800x446.jpg 800w, https:\/\/sveforsrealty.com\/wp-content\/uploads\/2023\/04\/aa-1400x780.jpg 1400w, https:\/\/sveforsrealty.com\/wp-content\/uploads\/2023\/04\/aa-768x428.jpg 768w, https:\/\/sveforsrealty.com\/wp-content\/uploads\/2023\/04\/aa-1536x856.jpg 1536w, https:\/\/sveforsrealty.com\/wp-content\/uploads\/2023\/04\/aa.jpg 1757w\" sizes=\"auto, (max-width: 800px) 100vw, 800px\" \/><\/figure>\n\n\n\n<figure class=\"wp-block-image size-large\"><img loading=\"lazy\" decoding=\"async\" width=\"1400\" height=\"931\" data-id=\"2251\" src=\"https:\/\/sveforsrealty.com\/wp-content\/uploads\/2023\/04\/Captura10-1400x931.jpg\" alt=\"\" class=\"wp-image-2251\" srcset=\"https:\/\/sveforsrealty.com\/wp-content\/uploads\/2023\/04\/Captura10-1400x931.jpg 1400w, https:\/\/sveforsrealty.com\/wp-content\/uploads\/2023\/04\/Captura10-800x532.jpg 800w, https:\/\/sveforsrealty.com\/wp-content\/uploads\/2023\/04\/Captura10-768x511.jpg 768w, https:\/\/sveforsrealty.com\/wp-content\/uploads\/2023\/04\/Captura10.jpg 1485w\" sizes=\"auto, (max-width: 1400px) 100vw, 1400px\" \/><\/figure>\n<\/figure>\n\n\n\n<h2 class=\"wp-block-heading has-text-align-center has-vivid-cyan-blue-color has-text-color\">Situaci\u00f3n<\/h2>\n\n\n\n<p>Este \u00e1tico se encuentra en una urbanizaci\u00f3n cerrada con seguridad 24h. La urbanizaci\u00f3n cuenta con dos grandes piscinas. Su ubicaci\u00f3n es inmejorable, ya que se encuentra a tan solo unos pasos del mar, y a unos minutos del casco antiguo de San Pedro. <\/p>\n\n\n\n<p>El \u00e1tico de lujo en primera l\u00ednea de playa, cuenta tambi\u00e9n con dos grandes plazas de aparcamiento subterr\u00e1neo y un trastero.<\/p>\n\n\n\n<h2 class=\"wp-block-heading has-text-align-center has-vivid-cyan-blue-color has-text-color\">Caracter\u00edsticas<\/h2>\n\n\n\n<div class=\"wp-block-columns is-layout-flex wp-container-core-columns-is-layout-9d6595d7 wp-block-columns-is-layout-flex\">\n<div class=\"wp-block-column is-layout-flow wp-block-column-is-layout-flow\">\n<ul class=\"wp-block-list\">\n<li>Aire acondicionado<\/li>\n\n\n\n<li>Alarma<\/li>\n\n\n\n<li>Armarios empotrados<\/li>\n\n\n\n<li>Ascensor<\/li>\n\n\n\n<li>Barbacoa<\/li>\n\n\n\n<li>Calefacci\u00f3n central<\/li>\n\n\n\n<li>Chimenea<\/li>\n\n\n\n<li>Cocina equipada<\/li>\n\n\n\n<li>Doble acristalamiento<\/li>\n\n\n\n<li>Dos plazas de garaje<\/li>\n<\/ul>\n<\/div>\n\n\n\n<div class=\"wp-block-column is-layout-flow wp-block-column-is-layout-flow\">\n<ul class=\"wp-block-list\">\n<li>Jacuzzi<\/li>\n\n\n\n<li>Muebles opcionales<\/li>\n\n\n\n<li>Primera l\u00ednea de playa<\/li>\n\n\n\n<li>Seguridad 24h<\/li>\n\n\n\n<li>Servicios cercanos<\/li>\n\n\n\n<li>Sol\u00e1rium<\/li>\n\n\n\n<li>Suelo de m\u00e1rmol<\/li>\n\n\n\n<li>Terraza privada<\/li>\n\n\n\n<li>Trastero<\/li>\n\n\n\n<li>Vistas panor\u00e1mica<\/li>\n<\/ul>\n<\/div>\n<\/div>\n\n\n\n<p>\u00bfQuieres conocer m\u00e1s sobre este \u00e1tico de lujo en primera l\u00ednea de playa? En nuestra web puedes conocer <a href=\"https:\/\/sveforsrealty.com\/es\/atico-en-venta-en-las-adelfas-san-pedro-de-alcantara-ref-SR-00843P.html\" target=\"_blank\" rel=\"noreferrer noopener\">m\u00e1s detalles sobre&nbsp;este \u00e1tico haciendo click aqu\u00ed.<\/a> Si deseas tener un vistazo m\u00e1s cercano al \u00e1tico, no te pierdas <a href=\"https:\/\/www.youtube.com\/watch?v=78mCRyUJkCc\" target=\"_blank\" rel=\"noreferrer noopener\">este v\u00eddeo<\/a> que te dejamos a continuaci\u00f3n.<\/p>\n\n\n\n<figure class=\"wp-block-embed aligncenter is-type-video is-provider-youtube wp-block-embed-youtube wp-embed-aspect-16-9 wp-has-aspect-ratio\"><div class=\"wp-block-embed__wrapper\">\n<iframe loading=\"lazy\" title=\"SR-00843P - Penthouse with sea views in San Pedro Playa\" width=\"500\" height=\"281\" src=\"https:\/\/www.youtube.com\/embed\/78mCRyUJkCc?feature=oembed\" frameborder=\"0\" allow=\"accelerometer; autoplay; clipboard-write; encrypted-media; gyroscope; picture-in-picture; web-share\" referrerpolicy=\"strict-origin-when-cross-origin\" allowfullscreen><\/iframe>\n<\/div><\/figure>\n\n\n\n<h2 class=\"wp-block-heading has-text-align-center has-vivid-cyan-blue-color has-text-color\">Ventajas de vivir en un \u00e1tico<\/h2>\n\n\n\n<p>\u00bfQuieres conocer las ventajas de vivir en un \u00e1tico en Marbella? Estate atento a nuestro blog. \u00a1Desde Svefors Realty te lo contaremos en nuestro pr\u00f3ximo post!<\/p>\n\n\n\n<figure class=\"wp-block-gallery has-nested-images columns-3 is-cropped wp-block-gallery-2 is-layout-flex wp-block-gallery-is-layout-flex\">\n<figure class=\"wp-block-image size-large\"><img loading=\"lazy\" decoding=\"async\" width=\"1400\" height=\"935\" data-id=\"2247\" src=\"https:\/\/sveforsrealty.com\/wp-content\/uploads\/2023\/04\/Captura9-1400x935.jpg\" alt=\"\" class=\"wp-image-2247\" srcset=\"https:\/\/sveforsrealty.com\/wp-content\/uploads\/2023\/04\/Captura9-1400x935.jpg 1400w, https:\/\/sveforsrealty.com\/wp-content\/uploads\/2023\/04\/Captura9-800x534.jpg 800w, https:\/\/sveforsrealty.com\/wp-content\/uploads\/2023\/04\/Captura9-768x513.jpg 768w, https:\/\/sveforsrealty.com\/wp-content\/uploads\/2023\/04\/Captura9.jpg 1481w\" sizes=\"auto, (max-width: 1400px) 100vw, 1400px\" \/><\/figure>\n\n\n\n<figure class=\"wp-block-image size-large\"><img loading=\"lazy\" decoding=\"async\" width=\"1400\" height=\"930\" data-id=\"2259\" src=\"https:\/\/sveforsrealty.com\/wp-content\/uploads\/2023\/04\/cPTURA7-1400x930.jpg\" alt=\"\" class=\"wp-image-2259\" srcset=\"https:\/\/sveforsrealty.com\/wp-content\/uploads\/2023\/04\/cPTURA7-1400x930.jpg 1400w, https:\/\/sveforsrealty.com\/wp-content\/uploads\/2023\/04\/cPTURA7-800x531.jpg 800w, https:\/\/sveforsrealty.com\/wp-content\/uploads\/2023\/04\/cPTURA7-768x510.jpg 768w, https:\/\/sveforsrealty.com\/wp-content\/uploads\/2023\/04\/cPTURA7.jpg 1477w\" sizes=\"auto, (max-width: 1400px) 100vw, 1400px\" \/><\/figure>\n\n\n\n<figure class=\"wp-block-image size-large\"><img loading=\"lazy\" decoding=\"async\" width=\"1400\" height=\"934\" data-id=\"2227\" src=\"https:\/\/sveforsrealty.com\/wp-content\/uploads\/2023\/04\/Captura4-1400x934.jpg\" alt=\"\" class=\"wp-image-2227\" srcset=\"https:\/\/sveforsrealty.com\/wp-content\/uploads\/2023\/04\/Captura4-1400x934.jpg 1400w, https:\/\/sveforsrealty.com\/wp-content\/uploads\/2023\/04\/Captura4-800x534.jpg 800w, https:\/\/sveforsrealty.com\/wp-content\/uploads\/2023\/04\/Captura4-768x513.jpg 768w, https:\/\/sveforsrealty.com\/wp-content\/uploads\/2023\/04\/Captura4.jpg 1482w\" sizes=\"auto, (max-width: 1400px) 100vw, 1400px\" \/><\/figure>\n\n\n\n<figure class=\"wp-block-image size-large\"><img loading=\"lazy\" decoding=\"async\" width=\"1400\" height=\"934\" data-id=\"2223\" src=\"https:\/\/sveforsrealty.com\/wp-content\/uploads\/2023\/04\/Captura-1-1400x934.jpg\" alt=\"\" class=\"wp-image-2223\" srcset=\"https:\/\/sveforsrealty.com\/wp-content\/uploads\/2023\/04\/Captura-1-1400x934.jpg 1400w, https:\/\/sveforsrealty.com\/wp-content\/uploads\/2023\/04\/Captura-1-800x534.jpg 800w, https:\/\/sveforsrealty.com\/wp-content\/uploads\/2023\/04\/Captura-1-768x513.jpg 768w, https:\/\/sveforsrealty.com\/wp-content\/uploads\/2023\/04\/Captura-1.jpg 1485w\" sizes=\"auto, (max-width: 1400px) 100vw, 1400px\" \/><\/figure>\n\n\n\n<figure class=\"wp-block-image size-large\"><img loading=\"lazy\" decoding=\"async\" width=\"1400\" height=\"788\" data-id=\"2207\" src=\"https:\/\/sveforsrealty.com\/wp-content\/uploads\/2023\/04\/b87aae79-df64-4086-b556-0946c06737b3-1400x788.jpg\" alt=\"\" class=\"wp-image-2207\" srcset=\"https:\/\/sveforsrealty.com\/wp-content\/uploads\/2023\/04\/b87aae79-df64-4086-b556-0946c06737b3-1400x788.jpg 1400w, https:\/\/sveforsrealty.com\/wp-content\/uploads\/2023\/04\/b87aae79-df64-4086-b556-0946c06737b3-800x450.jpg 800w, https:\/\/sveforsrealty.com\/wp-content\/uploads\/2023\/04\/b87aae79-df64-4086-b556-0946c06737b3-768x432.jpg 768w, https:\/\/sveforsrealty.com\/wp-content\/uploads\/2023\/04\/b87aae79-df64-4086-b556-0946c06737b3-1536x865.jpg 1536w, https:\/\/sveforsrealty.com\/wp-content\/uploads\/2023\/04\/b87aae79-df64-4086-b556-0946c06737b3.jpg 1920w\" sizes=\"auto, (max-width: 1400px) 100vw, 1400px\" \/><\/figure>\n\n\n\n<figure class=\"wp-block-image size-large\"><img loading=\"lazy\" decoding=\"async\" width=\"1400\" height=\"933\" data-id=\"2228\" src=\"https:\/\/sveforsrealty.com\/wp-content\/uploads\/2023\/04\/Captura3-1-1400x933.jpg\" alt=\"\" class=\"wp-image-2228\" srcset=\"https:\/\/sveforsrealty.com\/wp-content\/uploads\/2023\/04\/Captura3-1-1400x933.jpg 1400w, https:\/\/sveforsrealty.com\/wp-content\/uploads\/2023\/04\/Captura3-1-800x533.jpg 800w, https:\/\/sveforsrealty.com\/wp-content\/uploads\/2023\/04\/Captura3-1-768x512.jpg 768w, https:\/\/sveforsrealty.com\/wp-content\/uploads\/2023\/04\/Captura3-1.jpg 1477w\" sizes=\"auto, (max-width: 1400px) 100vw, 1400px\" \/><\/figure>\n\n\n\n<figure class=\"wp-block-image size-large\"><img loading=\"lazy\" decoding=\"async\" width=\"1400\" height=\"788\" data-id=\"2299\" src=\"https:\/\/sveforsrealty.com\/wp-content\/uploads\/2023\/04\/d4787d3f-75ec-444b-bdcc-d193aff5db5f-1400x788.jpg\" alt=\"\" class=\"wp-image-2299\" srcset=\"https:\/\/sveforsrealty.com\/wp-content\/uploads\/2023\/04\/d4787d3f-75ec-444b-bdcc-d193aff5db5f-1400x788.jpg 1400w, https:\/\/sveforsrealty.com\/wp-content\/uploads\/2023\/04\/d4787d3f-75ec-444b-bdcc-d193aff5db5f-800x450.jpg 800w, https:\/\/sveforsrealty.com\/wp-content\/uploads\/2023\/04\/d4787d3f-75ec-444b-bdcc-d193aff5db5f-768x432.jpg 768w, https:\/\/sveforsrealty.com\/wp-content\/uploads\/2023\/04\/d4787d3f-75ec-444b-bdcc-d193aff5db5f-1536x865.jpg 1536w, https:\/\/sveforsrealty.com\/wp-content\/uploads\/2023\/04\/d4787d3f-75ec-444b-bdcc-d193aff5db5f.jpg 1920w\" sizes=\"auto, (max-width: 1400px) 100vw, 1400px\" \/><\/figure>\n\n\n\n<figure class=\"wp-block-image size-large\"><img loading=\"lazy\" decoding=\"async\" width=\"1400\" height=\"788\" data-id=\"2287\" src=\"https:\/\/sveforsrealty.com\/wp-content\/uploads\/2023\/04\/78770554-7ea6-4550-9aa7-e63ef61878ee-1400x788.jpg\" alt=\"\" class=\"wp-image-2287\" srcset=\"https:\/\/sveforsrealty.com\/wp-content\/uploads\/2023\/04\/78770554-7ea6-4550-9aa7-e63ef61878ee-1400x788.jpg 1400w, https:\/\/sveforsrealty.com\/wp-content\/uploads\/2023\/04\/78770554-7ea6-4550-9aa7-e63ef61878ee-800x450.jpg 800w, https:\/\/sveforsrealty.com\/wp-content\/uploads\/2023\/04\/78770554-7ea6-4550-9aa7-e63ef61878ee-768x432.jpg 768w, https:\/\/sveforsrealty.com\/wp-content\/uploads\/2023\/04\/78770554-7ea6-4550-9aa7-e63ef61878ee-1536x865.jpg 1536w, https:\/\/sveforsrealty.com\/wp-content\/uploads\/2023\/04\/78770554-7ea6-4550-9aa7-e63ef61878ee.jpg 1920w\" sizes=\"auto, (max-width: 1400px) 100vw, 1400px\" \/><\/figure>\n\n\n\n<figure class=\"wp-block-image size-large\"><img loading=\"lazy\" decoding=\"async\" width=\"1400\" height=\"788\" data-id=\"2283\" src=\"https:\/\/sveforsrealty.com\/wp-content\/uploads\/2023\/04\/542396f8-3901-4618-b558-89d49c023b13-1400x788.jpg\" alt=\"\" class=\"wp-image-2283\" srcset=\"https:\/\/sveforsrealty.com\/wp-content\/uploads\/2023\/04\/542396f8-3901-4618-b558-89d49c023b13-1400x788.jpg 1400w, https:\/\/sveforsrealty.com\/wp-content\/uploads\/2023\/04\/542396f8-3901-4618-b558-89d49c023b13-800x450.jpg 800w, https:\/\/sveforsrealty.com\/wp-content\/uploads\/2023\/04\/542396f8-3901-4618-b558-89d49c023b13-768x432.jpg 768w, https:\/\/sveforsrealty.com\/wp-content\/uploads\/2023\/04\/542396f8-3901-4618-b558-89d49c023b13-1536x865.jpg 1536w, https:\/\/sveforsrealty.com\/wp-content\/uploads\/2023\/04\/542396f8-3901-4618-b558-89d49c023b13.jpg 1920w\" sizes=\"auto, (max-width: 1400px) 100vw, 1400px\" \/><\/figure>\n\n\n\n<figure class=\"wp-block-image size-large\"><img loading=\"lazy\" decoding=\"async\" width=\"1400\" height=\"789\" data-id=\"2271\" src=\"https:\/\/sveforsrealty.com\/wp-content\/uploads\/2023\/04\/965fa8ba-8155-4706-8b8f-1e4ff29626c9-1400x789.jpg\" alt=\"\" class=\"wp-image-2271\" srcset=\"https:\/\/sveforsrealty.com\/wp-content\/uploads\/2023\/04\/965fa8ba-8155-4706-8b8f-1e4ff29626c9-1400x789.jpg 1400w, https:\/\/sveforsrealty.com\/wp-content\/uploads\/2023\/04\/965fa8ba-8155-4706-8b8f-1e4ff29626c9-800x451.jpg 800w, https:\/\/sveforsrealty.com\/wp-content\/uploads\/2023\/04\/965fa8ba-8155-4706-8b8f-1e4ff29626c9-768x433.jpg 768w, https:\/\/sveforsrealty.com\/wp-content\/uploads\/2023\/04\/965fa8ba-8155-4706-8b8f-1e4ff29626c9-1536x866.jpg 1536w, https:\/\/sveforsrealty.com\/wp-content\/uploads\/2023\/04\/965fa8ba-8155-4706-8b8f-1e4ff29626c9.jpg 1920w\" sizes=\"auto, (max-width: 1400px) 100vw, 1400px\" \/><\/figure>\n\n\n\n<figure class=\"wp-block-image size-large\"><img loading=\"lazy\" decoding=\"async\" width=\"1400\" height=\"788\" data-id=\"2275\" src=\"https:\/\/sveforsrealty.com\/wp-content\/uploads\/2023\/04\/991eedd8-b320-4a1a-a69a-13c099fae1e3-1400x788.jpg\" alt=\"\" class=\"wp-image-2275\" srcset=\"https:\/\/sveforsrealty.com\/wp-content\/uploads\/2023\/04\/991eedd8-b320-4a1a-a69a-13c099fae1e3-1400x788.jpg 1400w, https:\/\/sveforsrealty.com\/wp-content\/uploads\/2023\/04\/991eedd8-b320-4a1a-a69a-13c099fae1e3-800x450.jpg 800w, https:\/\/sveforsrealty.com\/wp-content\/uploads\/2023\/04\/991eedd8-b320-4a1a-a69a-13c099fae1e3-768x432.jpg 768w, https:\/\/sveforsrealty.com\/wp-content\/uploads\/2023\/04\/991eedd8-b320-4a1a-a69a-13c099fae1e3-1536x865.jpg 1536w, https:\/\/sveforsrealty.com\/wp-content\/uploads\/2023\/04\/991eedd8-b320-4a1a-a69a-13c099fae1e3.jpg 1920w\" sizes=\"auto, (max-width: 1400px) 100vw, 1400px\" \/><\/figure>\n\n\n\n<figure class=\"wp-block-image size-large\"><img loading=\"lazy\" decoding=\"async\" width=\"1400\" height=\"788\" data-id=\"2267\" src=\"https:\/\/sveforsrealty.com\/wp-content\/uploads\/2023\/04\/28a4c7c3-a644-46a0-a5d8-d552fcc7b8c3-1400x788.jpg\" alt=\"\" class=\"wp-image-2267\" srcset=\"https:\/\/sveforsrealty.com\/wp-content\/uploads\/2023\/04\/28a4c7c3-a644-46a0-a5d8-d552fcc7b8c3-1400x788.jpg 1400w, https:\/\/sveforsrealty.com\/wp-content\/uploads\/2023\/04\/28a4c7c3-a644-46a0-a5d8-d552fcc7b8c3-800x450.jpg 800w, https:\/\/sveforsrealty.com\/wp-content\/uploads\/2023\/04\/28a4c7c3-a644-46a0-a5d8-d552fcc7b8c3-768x432.jpg 768w, https:\/\/sveforsrealty.com\/wp-content\/uploads\/2023\/04\/28a4c7c3-a644-46a0-a5d8-d552fcc7b8c3-1536x865.jpg 1536w, https:\/\/sveforsrealty.com\/wp-content\/uploads\/2023\/04\/28a4c7c3-a644-46a0-a5d8-d552fcc7b8c3.jpg 1920w\" sizes=\"auto, (max-width: 1400px) 100vw, 1400px\" \/><\/figure>\n\n\n\n<figure class=\"wp-block-image size-large\"><img loading=\"lazy\" decoding=\"async\" width=\"1400\" height=\"930\" data-id=\"2255\" src=\"https:\/\/sveforsrealty.com\/wp-content\/uploads\/2023\/04\/Captura56-1400x930.jpg\" alt=\"\" class=\"wp-image-2255\" srcset=\"https:\/\/sveforsrealty.com\/wp-content\/uploads\/2023\/04\/Captura56-1400x930.jpg 1400w, https:\/\/sveforsrealty.com\/wp-content\/uploads\/2023\/04\/Captura56-800x531.jpg 800w, https:\/\/sveforsrealty.com\/wp-content\/uploads\/2023\/04\/Captura56-768x510.jpg 768w, https:\/\/sveforsrealty.com\/wp-content\/uploads\/2023\/04\/Captura56.jpg 1485w\" sizes=\"auto, (max-width: 1400px) 100vw, 1400px\" \/><\/figure>\n\n\n\n<figure class=\"wp-block-image size-large\"><img loading=\"lazy\" decoding=\"async\" width=\"1400\" height=\"933\" data-id=\"2295\" src=\"https:\/\/sveforsrealty.com\/wp-content\/uploads\/2023\/04\/c0e43c56-5edd-48fd-8fc1-d65cc844ed9d-1-1400x933.jpg\" alt=\"\" class=\"wp-image-2295\" srcset=\"https:\/\/sveforsrealty.com\/wp-content\/uploads\/2023\/04\/c0e43c56-5edd-48fd-8fc1-d65cc844ed9d-1-1400x933.jpg 1400w, https:\/\/sveforsrealty.com\/wp-content\/uploads\/2023\/04\/c0e43c56-5edd-48fd-8fc1-d65cc844ed9d-1-800x533.jpg 800w, https:\/\/sveforsrealty.com\/wp-content\/uploads\/2023\/04\/c0e43c56-5edd-48fd-8fc1-d65cc844ed9d-1-768x512.jpg 768w, https:\/\/sveforsrealty.com\/wp-content\/uploads\/2023\/04\/c0e43c56-5edd-48fd-8fc1-d65cc844ed9d-1-1536x1024.jpg 1536w, https:\/\/sveforsrealty.com\/wp-content\/uploads\/2023\/04\/c0e43c56-5edd-48fd-8fc1-d65cc844ed9d-1.jpg 1920w\" sizes=\"auto, (max-width: 1400px) 100vw, 1400px\" \/><\/figure>\n<\/figure>\n\n\n\n<p><\/p>\n","protected":false},"excerpt":{"rendered":"<p>\u00bfBuscas el mejor \u00e1tico de lujo de San Pedro de Alc\u00e1ntara? Desde Svefors Realty te lo mostramos. El mejor \u00e1tico del mercado en San Pedro se encuentra en Las Adelfas. Se encuentra en primera l\u00ednea de playa, rodeada de extensos jardines subtropicales. Una ubicaci\u00f3n inmejorable, con todo tipo de servicios a tan solo un paso. [&hellip;]<\/p>\n","protected":false},"author":3,"featured_media":2251,"comment_status":"closed","ping_status":"closed","sticky":false,"template":"","format":"standard","meta":{"inline_featured_image":false,"footnotes":""},"categories":[54],"tags":[95,103,63,104,64,107,66,108,106,105,69],"class_list":["post-2188","post","type-post","status-publish","format-standard","has-post-thumbnail","hentry","category-propiedades","tag-alquiler","tag-atico","tag-costa-del-sol","tag-mar","tag-marbella","tag-nueva-andalucia","tag-playa","tag-puerto-banus-2","tag-san-pedro-de-alcantara","tag-venta","tag-villas"],"yoast_head":"<!-- This site is optimized with the Yoast SEO plugin v27.5 - https:\/\/yoast.com\/product\/yoast-seo-wordpress\/ -->\n<title>\u00c1tico de lujo en primera l\u00ednea de playa en San Pedro de Alc\u00e1ntara - Svefors Realty | Marbella<\/title>\n<meta name=\"description\" content=\"El mejor \u00e1tico de lujo en primera l\u00ednea de playa se encuentra en Marbella. Y desde Svefors Realty te lo mostramos...\" \/>\n<meta name=\"robots\" content=\"noindex, follow\" \/>\n<meta property=\"og:locale\" content=\"es_ES\" \/>\n<meta property=\"og:type\" content=\"article\" \/>\n<meta property=\"og:title\" content=\"\u00c1tico de lujo en primera l\u00ednea de playa en San Pedro de Alc\u00e1ntara - Svefors Realty | Marbella\" \/>\n<meta property=\"og:description\" content=\"El mejor \u00e1tico de lujo en primera l\u00ednea de playa se encuentra en Marbella. Y desde Svefors Realty te lo mostramos...\" \/>\n<meta property=\"og:url\" content=\"https:\/\/sveforsrealty.com\/es\/atico-lujo-primera-linea-playa-marbella\/\" \/>\n<meta property=\"og:site_name\" content=\"Svefors Realty | Marbella\" \/>\n<meta property=\"article:publisher\" content=\"https:\/\/www.facebook.com\/SveforsRealty\/\" \/>\n<meta property=\"article:published_time\" content=\"2023-04-24T15:45:25+00:00\" \/>\n<meta property=\"article:modified_time\" content=\"2023-04-24T19:21:38+00:00\" \/>\n<meta property=\"og:image\" content=\"https:\/\/sveforsrealty.com\/wp-content\/uploads\/2023\/04\/Captura10.jpg\" \/>\n\t<meta property=\"og:image:width\" content=\"1485\" \/>\n\t<meta property=\"og:image:height\" content=\"988\" \/>\n\t<meta property=\"og:image:type\" content=\"image\/jpeg\" \/>\n<meta name=\"author\" content=\"Aitana\" \/>\n<meta name=\"twitter:card\" content=\"summary_large_image\" \/>\n<meta name=\"twitter:label1\" content=\"Escrito por\" \/>\n\t<meta name=\"twitter:data1\" content=\"Aitana\" \/>\n\t<meta name=\"twitter:label2\" content=\"Tiempo de lectura\" \/>\n\t<meta name=\"twitter:data2\" content=\"6 minutos\" \/>\n<script type=\"application\/ld+json\" class=\"yoast-schema-graph\">{\"@context\":\"https:\\\/\\\/schema.org\",\"@graph\":[{\"@type\":\"Article\",\"@id\":\"https:\\\/\\\/sveforsrealty.com\\\/es\\\/atico-lujo-primera-linea-playa-marbella\\\/#article\",\"isPartOf\":{\"@id\":\"https:\\\/\\\/sveforsrealty.com\\\/es\\\/atico-lujo-primera-linea-playa-marbella\\\/\"},\"author\":{\"name\":\"Aitana\",\"@id\":\"https:\\\/\\\/sveforsrealty.com\\\/es\\\/#\\\/schema\\\/person\\\/844689fbf8577fd9ad4cd7c5052c0231\"},\"headline\":\"\u00c1tico de lujo en primera l\u00ednea de playa en San Pedro de Alc\u00e1ntara\",\"datePublished\":\"2023-04-24T15:45:25+00:00\",\"dateModified\":\"2023-04-24T19:21:38+00:00\",\"mainEntityOfPage\":{\"@id\":\"https:\\\/\\\/sveforsrealty.com\\\/es\\\/atico-lujo-primera-linea-playa-marbella\\\/\"},\"wordCount\":477,\"publisher\":{\"@id\":\"https:\\\/\\\/sveforsrealty.com\\\/es\\\/#organization\"},\"image\":{\"@id\":\"https:\\\/\\\/sveforsrealty.com\\\/es\\\/atico-lujo-primera-linea-playa-marbella\\\/#primaryimage\"},\"thumbnailUrl\":\"https:\\\/\\\/sveforsrealty.com\\\/wp-content\\\/uploads\\\/2023\\\/04\\\/Captura10.jpg\",\"keywords\":[\"alquiler\",\"\u00e1tico\",\"costa del sol\",\"mar\",\"marbella\",\"nueva andaluc\u00eda\",\"playa\",\"puerto ban\u00fas\",\"san pedro de alc\u00e1ntara\",\"venta\",\"villas\"],\"articleSection\":[\"Propiedades\"],\"inLanguage\":\"es\"},{\"@type\":\"WebPage\",\"@id\":\"https:\\\/\\\/sveforsrealty.com\\\/es\\\/atico-lujo-primera-linea-playa-marbella\\\/\",\"url\":\"https:\\\/\\\/sveforsrealty.com\\\/es\\\/atico-lujo-primera-linea-playa-marbella\\\/\",\"name\":\"\u00c1tico de lujo en primera l\u00ednea de playa en San Pedro de Alc\u00e1ntara - Svefors Realty | Marbella\",\"isPartOf\":{\"@id\":\"https:\\\/\\\/sveforsrealty.com\\\/es\\\/#website\"},\"primaryImageOfPage\":{\"@id\":\"https:\\\/\\\/sveforsrealty.com\\\/es\\\/atico-lujo-primera-linea-playa-marbella\\\/#primaryimage\"},\"image\":{\"@id\":\"https:\\\/\\\/sveforsrealty.com\\\/es\\\/atico-lujo-primera-linea-playa-marbella\\\/#primaryimage\"},\"thumbnailUrl\":\"https:\\\/\\\/sveforsrealty.com\\\/wp-content\\\/uploads\\\/2023\\\/04\\\/Captura10.jpg\",\"datePublished\":\"2023-04-24T15:45:25+00:00\",\"dateModified\":\"2023-04-24T19:21:38+00:00\",\"description\":\"El mejor \u00e1tico de lujo en primera l\u00ednea de playa se encuentra en Marbella. Y desde Svefors Realty te lo mostramos...\",\"breadcrumb\":{\"@id\":\"https:\\\/\\\/sveforsrealty.com\\\/es\\\/atico-lujo-primera-linea-playa-marbella\\\/#breadcrumb\"},\"inLanguage\":\"es\",\"potentialAction\":[{\"@type\":\"ReadAction\",\"target\":[\"https:\\\/\\\/sveforsrealty.com\\\/es\\\/atico-lujo-primera-linea-playa-marbella\\\/\"]}]},{\"@type\":\"ImageObject\",\"inLanguage\":\"es\",\"@id\":\"https:\\\/\\\/sveforsrealty.com\\\/es\\\/atico-lujo-primera-linea-playa-marbella\\\/#primaryimage\",\"url\":\"https:\\\/\\\/sveforsrealty.com\\\/wp-content\\\/uploads\\\/2023\\\/04\\\/Captura10.jpg\",\"contentUrl\":\"https:\\\/\\\/sveforsrealty.com\\\/wp-content\\\/uploads\\\/2023\\\/04\\\/Captura10.jpg\",\"width\":1485,\"height\":988},{\"@type\":\"BreadcrumbList\",\"@id\":\"https:\\\/\\\/sveforsrealty.com\\\/es\\\/atico-lujo-primera-linea-playa-marbella\\\/#breadcrumb\",\"itemListElement\":[{\"@type\":\"ListItem\",\"position\":1,\"name\":\"Home\",\"item\":\"https:\\\/\\\/sveforsrealty.com\\\/es\\\/\"},{\"@type\":\"ListItem\",\"position\":2,\"name\":\"\u00c1tico de lujo en primera l\u00ednea de playa en San Pedro de Alc\u00e1ntara\"}]},{\"@type\":\"WebSite\",\"@id\":\"https:\\\/\\\/sveforsrealty.com\\\/es\\\/#website\",\"url\":\"https:\\\/\\\/sveforsrealty.com\\\/es\\\/\",\"name\":\"Svefors Realty | Marbella\",\"description\":\"Svefors Realty, m\u00e1s de 20 a\u00f1os de experiencia en el mercado inmobiliaria en la Costa del Sol.\",\"publisher\":{\"@id\":\"https:\\\/\\\/sveforsrealty.com\\\/es\\\/#organization\"},\"potentialAction\":[{\"@type\":\"SearchAction\",\"target\":{\"@type\":\"EntryPoint\",\"urlTemplate\":\"https:\\\/\\\/sveforsrealty.com\\\/es\\\/?s={search_term_string}\"},\"query-input\":{\"@type\":\"PropertyValueSpecification\",\"valueRequired\":true,\"valueName\":\"search_term_string\"}}],\"inLanguage\":\"es\"},{\"@type\":\"Organization\",\"@id\":\"https:\\\/\\\/sveforsrealty.com\\\/es\\\/#organization\",\"name\":\"Svefors Realty | Marbella\",\"url\":\"https:\\\/\\\/sveforsrealty.com\\\/es\\\/\",\"logo\":{\"@type\":\"ImageObject\",\"inLanguage\":\"es\",\"@id\":\"https:\\\/\\\/sveforsrealty.com\\\/es\\\/#\\\/schema\\\/logo\\\/image\\\/\",\"url\":\"https:\\\/\\\/sveforsrealty.com\\\/wp-content\\\/uploads\\\/2022\\\/02\\\/logo-svefors.png\",\"contentUrl\":\"https:\\\/\\\/sveforsrealty.com\\\/wp-content\\\/uploads\\\/2022\\\/02\\\/logo-svefors.png\",\"width\":480,\"height\":102,\"caption\":\"Svefors Realty | Marbella\"},\"image\":{\"@id\":\"https:\\\/\\\/sveforsrealty.com\\\/es\\\/#\\\/schema\\\/logo\\\/image\\\/\"},\"sameAs\":[\"https:\\\/\\\/www.facebook.com\\\/SveforsRealty\\\/\"]},{\"@type\":\"Person\",\"@id\":\"https:\\\/\\\/sveforsrealty.com\\\/es\\\/#\\\/schema\\\/person\\\/844689fbf8577fd9ad4cd7c5052c0231\",\"name\":\"Aitana\",\"image\":{\"@type\":\"ImageObject\",\"inLanguage\":\"es\",\"@id\":\"https:\\\/\\\/secure.gravatar.com\\\/avatar\\\/687511f24924eb3a8d408f3f37b54adf63e22c9df60f0e9e547dce614f25a57b?s=96&d=mm&r=g\",\"url\":\"https:\\\/\\\/secure.gravatar.com\\\/avatar\\\/687511f24924eb3a8d408f3f37b54adf63e22c9df60f0e9e547dce614f25a57b?s=96&d=mm&r=g\",\"contentUrl\":\"https:\\\/\\\/secure.gravatar.com\\\/avatar\\\/687511f24924eb3a8d408f3f37b54adf63e22c9df60f0e9e547dce614f25a57b?s=96&d=mm&r=g\",\"caption\":\"Aitana\"},\"sameAs\":[\"https:\\\/\\\/sveforsrealty.com\\\/\"],\"url\":\"https:\\\/\\\/sveforsrealty.com\\\/es\\\/author\\\/ait4n4\\\/\"}]}<\/script>\n<!-- \/ Yoast SEO plugin. -->","yoast_head_json":{"title":"\u00c1tico de lujo en primera l\u00ednea de playa en San Pedro de Alc\u00e1ntara - Svefors Realty | Marbella","description":"El mejor \u00e1tico de lujo en primera l\u00ednea de playa se encuentra en Marbella. Y desde Svefors Realty te lo mostramos...","robots":{"index":"noindex","follow":"follow"},"og_locale":"es_ES","og_type":"article","og_title":"\u00c1tico de lujo en primera l\u00ednea de playa en San Pedro de Alc\u00e1ntara - Svefors Realty | Marbella","og_description":"El mejor \u00e1tico de lujo en primera l\u00ednea de playa se encuentra en Marbella. Y desde Svefors Realty te lo mostramos...","og_url":"https:\/\/sveforsrealty.com\/es\/atico-lujo-primera-linea-playa-marbella\/","og_site_name":"Svefors Realty | Marbella","article_publisher":"https:\/\/www.facebook.com\/SveforsRealty\/","article_published_time":"2023-04-24T15:45:25+00:00","article_modified_time":"2023-04-24T19:21:38+00:00","og_image":[{"width":1485,"height":988,"url":"https:\/\/sveforsrealty.com\/wp-content\/uploads\/2023\/04\/Captura10.jpg","type":"image\/jpeg"}],"author":"Aitana","twitter_card":"summary_large_image","twitter_misc":{"Escrito por":"Aitana","Tiempo de lectura":"6 minutos"},"schema":{"@context":"https:\/\/schema.org","@graph":[{"@type":"Article","@id":"https:\/\/sveforsrealty.com\/es\/atico-lujo-primera-linea-playa-marbella\/#article","isPartOf":{"@id":"https:\/\/sveforsrealty.com\/es\/atico-lujo-primera-linea-playa-marbella\/"},"author":{"name":"Aitana","@id":"https:\/\/sveforsrealty.com\/es\/#\/schema\/person\/844689fbf8577fd9ad4cd7c5052c0231"},"headline":"\u00c1tico de lujo en primera l\u00ednea de playa en San Pedro de Alc\u00e1ntara","datePublished":"2023-04-24T15:45:25+00:00","dateModified":"2023-04-24T19:21:38+00:00","mainEntityOfPage":{"@id":"https:\/\/sveforsrealty.com\/es\/atico-lujo-primera-linea-playa-marbella\/"},"wordCount":477,"publisher":{"@id":"https:\/\/sveforsrealty.com\/es\/#organization"},"image":{"@id":"https:\/\/sveforsrealty.com\/es\/atico-lujo-primera-linea-playa-marbella\/#primaryimage"},"thumbnailUrl":"https:\/\/sveforsrealty.com\/wp-content\/uploads\/2023\/04\/Captura10.jpg","keywords":["alquiler","\u00e1tico","costa del sol","mar","marbella","nueva andaluc\u00eda","playa","puerto ban\u00fas","san pedro de alc\u00e1ntara","venta","villas"],"articleSection":["Propiedades"],"inLanguage":"es"},{"@type":"WebPage","@id":"https:\/\/sveforsrealty.com\/es\/atico-lujo-primera-linea-playa-marbella\/","url":"https:\/\/sveforsrealty.com\/es\/atico-lujo-primera-linea-playa-marbella\/","name":"\u00c1tico de lujo en primera l\u00ednea de playa en San Pedro de Alc\u00e1ntara - Svefors Realty | Marbella","isPartOf":{"@id":"https:\/\/sveforsrealty.com\/es\/#website"},"primaryImageOfPage":{"@id":"https:\/\/sveforsrealty.com\/es\/atico-lujo-primera-linea-playa-marbella\/#primaryimage"},"image":{"@id":"https:\/\/sveforsrealty.com\/es\/atico-lujo-primera-linea-playa-marbella\/#primaryimage"},"thumbnailUrl":"https:\/\/sveforsrealty.com\/wp-content\/uploads\/2023\/04\/Captura10.jpg","datePublished":"2023-04-24T15:45:25+00:00","dateModified":"2023-04-24T19:21:38+00:00","description":"El mejor \u00e1tico de lujo en primera l\u00ednea de playa se encuentra en Marbella. Y desde Svefors Realty te lo mostramos...","breadcrumb":{"@id":"https:\/\/sveforsrealty.com\/es\/atico-lujo-primera-linea-playa-marbella\/#breadcrumb"},"inLanguage":"es","potentialAction":[{"@type":"ReadAction","target":["https:\/\/sveforsrealty.com\/es\/atico-lujo-primera-linea-playa-marbella\/"]}]},{"@type":"ImageObject","inLanguage":"es","@id":"https:\/\/sveforsrealty.com\/es\/atico-lujo-primera-linea-playa-marbella\/#primaryimage","url":"https:\/\/sveforsrealty.com\/wp-content\/uploads\/2023\/04\/Captura10.jpg","contentUrl":"https:\/\/sveforsrealty.com\/wp-content\/uploads\/2023\/04\/Captura10.jpg","width":1485,"height":988},{"@type":"BreadcrumbList","@id":"https:\/\/sveforsrealty.com\/es\/atico-lujo-primera-linea-playa-marbella\/#breadcrumb","itemListElement":[{"@type":"ListItem","position":1,"name":"Home","item":"https:\/\/sveforsrealty.com\/es\/"},{"@type":"ListItem","position":2,"name":"\u00c1tico de lujo en primera l\u00ednea de playa en San Pedro de Alc\u00e1ntara"}]},{"@type":"WebSite","@id":"https:\/\/sveforsrealty.com\/es\/#website","url":"https:\/\/sveforsrealty.com\/es\/","name":"Svefors Realty | Marbella","description":"Svefors Realty, m\u00e1s de 20 a\u00f1os de experiencia en el mercado inmobiliaria en la Costa del Sol.","publisher":{"@id":"https:\/\/sveforsrealty.com\/es\/#organization"},"potentialAction":[{"@type":"SearchAction","target":{"@type":"EntryPoint","urlTemplate":"https:\/\/sveforsrealty.com\/es\/?s={search_term_string}"},"query-input":{"@type":"PropertyValueSpecification","valueRequired":true,"valueName":"search_term_string"}}],"inLanguage":"es"},{"@type":"Organization","@id":"https:\/\/sveforsrealty.com\/es\/#organization","name":"Svefors Realty | Marbella","url":"https:\/\/sveforsrealty.com\/es\/","logo":{"@type":"ImageObject","inLanguage":"es","@id":"https:\/\/sveforsrealty.com\/es\/#\/schema\/logo\/image\/","url":"https:\/\/sveforsrealty.com\/wp-content\/uploads\/2022\/02\/logo-svefors.png","contentUrl":"https:\/\/sveforsrealty.com\/wp-content\/uploads\/2022\/02\/logo-svefors.png","width":480,"height":102,"caption":"Svefors Realty | Marbella"},"image":{"@id":"https:\/\/sveforsrealty.com\/es\/#\/schema\/logo\/image\/"},"sameAs":["https:\/\/www.facebook.com\/SveforsRealty\/"]},{"@type":"Person","@id":"https:\/\/sveforsrealty.com\/es\/#\/schema\/person\/844689fbf8577fd9ad4cd7c5052c0231","name":"Aitana","image":{"@type":"ImageObject","inLanguage":"es","@id":"https:\/\/secure.gravatar.com\/avatar\/687511f24924eb3a8d408f3f37b54adf63e22c9df60f0e9e547dce614f25a57b?s=96&d=mm&r=g","url":"https:\/\/secure.gravatar.com\/avatar\/687511f24924eb3a8d408f3f37b54adf63e22c9df60f0e9e547dce614f25a57b?s=96&d=mm&r=g","contentUrl":"https:\/\/secure.gravatar.com\/avatar\/687511f24924eb3a8d408f3f37b54adf63e22c9df60f0e9e547dce614f25a57b?s=96&d=mm&r=g","caption":"Aitana"},"sameAs":["https:\/\/sveforsrealty.com\/"],"url":"https:\/\/sveforsrealty.com\/es\/author\/ait4n4\/"}]}},"_links":{"self":[{"href":"https:\/\/sveforsrealty.com\/es\/wp-json\/wp\/v2\/posts\/2188","targetHints":{"allow":["GET"]}}],"collection":[{"href":"https:\/\/sveforsrealty.com\/es\/wp-json\/wp\/v2\/posts"}],"about":[{"href":"https:\/\/sveforsrealty.com\/es\/wp-json\/wp\/v2\/types\/post"}],"author":[{"embeddable":true,"href":"https:\/\/sveforsrealty.com\/es\/wp-json\/wp\/v2\/users\/3"}],"replies":[{"embeddable":true,"href":"https:\/\/sveforsrealty.com\/es\/wp-json\/wp\/v2\/comments?post=2188"}],"version-history":[{"count":6,"href":"https:\/\/sveforsrealty.com\/es\/wp-json\/wp\/v2\/posts\/2188\/revisions"}],"predecessor-version":[{"id":2314,"href":"https:\/\/sveforsrealty.com\/es\/wp-json\/wp\/v2\/posts\/2188\/revisions\/2314"}],"wp:featuredmedia":[{"embeddable":true,"href":"https:\/\/sveforsrealty.com\/es\/wp-json\/wp\/v2\/media\/2251"}],"wp:attachment":[{"href":"https:\/\/sveforsrealty.com\/es\/wp-json\/wp\/v2\/media?parent=2188"}],"wp:term":[{"taxonomy":"category","embeddable":true,"href":"https:\/\/sveforsrealty.com\/es\/wp-json\/wp\/v2\/categories?post=2188"},{"taxonomy":"post_tag","embeddable":true,"href":"https:\/\/sveforsrealty.com\/es\/wp-json\/wp\/v2\/tags?post=2188"}],"curies":[{"name":"wp","href":"https:\/\/api.w.org\/{rel}","templated":true}]}}