{"id":1780,"date":"2022-08-30T11:45:15","date_gmt":"2022-08-30T09:45:15","guid":{"rendered":"https:\/\/sveforsrealty.com\/?p=1780"},"modified":"2022-08-30T11:45:17","modified_gmt":"2022-08-30T09:45:17","slug":"vuelta-ciclista-marbella","status":"publish","type":"post","link":"https:\/\/sveforsrealty.com\/es\/vuelta-ciclista-marbella\/","title":{"rendered":"La Vuelta Ciclista llega a Marbella"},"content":{"rendered":"\n<p>El pr\u00f3ximo jueves, 1 de septiembre, Marbella acoger\u00e1 uno de los eventos deportivos m\u00e1s importantes del pa\u00eds. La duod\u00e9cima etapa de la Vuelta ciclista a Espa\u00f1a recorrer\u00e1 algunas calles de la ciudad. Este acontecimiento supone una oportunidad para proyectar la imagen de Marbella a nivel internacional. El itinerario de esta etapa que recorre Marbella, es el siguiente:<\/p>\n\n\n\n<ul class=\"wp-block-list\"><li>Avenida Duque de Lerna<\/li><li>Calle Serenata<\/li><li>Traves\u00eda Huerta de los Cristales<\/li><li>Avenida Severo Ochoa<\/li><li>Avenida Ram\u00f3n y Cajal<\/li><li>Avenida Ricardo Soriano<\/li><li>Plaza Monse\u00f1or Rodrigo Bocanegra<\/li><li>Avenida Bulevar Pr\u00edncipe Alfonso de Hohenlohe<\/li><\/ul>\n\n\n\n<p>Tras el paso de estas calles, la Vuelta Ciclista seguir\u00e1 por el ramal de acceso de la A7 y el t\u00fanel de San Pedro de Alc\u00e1ntara, llegando al final de la ciudad y entrando en Estepona. Se prev\u00e9 que el pelot\u00f3n de la Vuelta ciclista llegue a Marbella aproximadamente a las 15:00 horas.<\/p>\n\n\n\n<p>La llegada de la Vuelta Ciclista a Marbella se suma a los numerosos eventos deportivos que la ciudad ha acogido en los \u00faltimos meses. Un calendario de eventos entre los que destacan la Copa Davis, el <a href=\"https:\/\/www.worldpadeltour.com\/\" target=\"_blank\" rel=\"noreferrer noopener\">World Padel Tour <\/a>o el Ironman. Las pr\u00f3ximas citas deportivas de primer nivel en la ciudad de Marbella son el Open de Golf femenino, as\u00ed como diversas competiciones de fisioculturismo.<\/p>\n\n\n<div class=\"wp-block-image\">\n<figure class=\"aligncenter size-large is-resized\"><img loading=\"lazy\" decoding=\"async\" src=\"https:\/\/sveforsrealty.com\/wp-content\/uploads\/2022\/08\/lap-gdd64fa2b0_1920-1-1400x933.jpg\" alt=\"\" class=\"wp-image-1785\" width=\"339\" height=\"226\" srcset=\"https:\/\/sveforsrealty.com\/wp-content\/uploads\/2022\/08\/lap-gdd64fa2b0_1920-1-1400x933.jpg 1400w, https:\/\/sveforsrealty.com\/wp-content\/uploads\/2022\/08\/lap-gdd64fa2b0_1920-1-800x533.jpg 800w, https:\/\/sveforsrealty.com\/wp-content\/uploads\/2022\/08\/lap-gdd64fa2b0_1920-1-768x512.jpg 768w, https:\/\/sveforsrealty.com\/wp-content\/uploads\/2022\/08\/lap-gdd64fa2b0_1920-1-1536x1024.jpg 1536w, https:\/\/sveforsrealty.com\/wp-content\/uploads\/2022\/08\/lap-gdd64fa2b0_1920-1.jpg 1920w\" sizes=\"auto, (max-width: 339px) 100vw, 339px\" \/><\/figure>\n<\/div>\n\n\n<p>\u00bfQuieres conocer m\u00e1s noticias sobre la ciudad? Desde <a href=\"https:\/\/sveforsrealty.com\/es\/\" target=\"_blank\" rel=\"noreferrer noopener\">Svefors Realty<\/a> te ofrecemos un <a href=\"https:\/\/sveforsrealty.com\/es\/blog\/\" target=\"_blank\" rel=\"noreferrer noopener\">blog con noticias de Marbella<\/a>, as\u00ed como actividades y datos de inter\u00e9s de la ciudad. <a href=\"https:\/\/sveforsrealty.com\/es\/blog\/\" target=\"_blank\" rel=\"noreferrer noopener\">\u00a1No te lo pierdas!<\/a><\/p>\n","protected":false},"excerpt":{"rendered":"<p>El pr\u00f3ximo jueves, 1 de septiembre, Marbella acoger\u00e1 uno de los eventos deportivos m\u00e1s importantes del pa\u00eds. La duod\u00e9cima etapa de la Vuelta ciclista a Espa\u00f1a recorrer\u00e1 algunas calles de la ciudad. Este acontecimiento supone una oportunidad para proyectar la imagen de Marbella a nivel internacional. El itinerario de esta etapa que recorre Marbella, es [&hellip;]<\/p>\n","protected":false},"author":3,"featured_media":1781,"comment_status":"closed","ping_status":"closed","sticky":false,"template":"","format":"standard","meta":{"inline_featured_image":false,"footnotes":""},"categories":[60,62],"tags":[68,63,65,64,71,70],"class_list":["post-1780","post","type-post","status-publish","format-standard","has-post-thumbnail","hentry","category-cultura-y-actividades","category-noticias","tag-apartamentos","tag-costa-del-sol","tag-inmobiliaria","tag-marbella","tag-svefors-realty","tag-vuelta-ciclista"],"yoast_head":"<!-- This site is optimized with the Yoast SEO plugin v27.5 - https:\/\/yoast.com\/product\/yoast-seo-wordpress\/ -->\n<title>La Vuelta Ciclista llega a Marbella - Svefors Realty | Marbella<\/title>\n<meta name=\"description\" content=\"El pr\u00f3ximo jueves Marbella acoger\u00e1 uno de los eventos deportivos m\u00e1s importantes del pa\u00eds. La duod\u00e9cima etapa de la Vuelta ciclista a Espa\u00f1a.\" \/>\n<meta name=\"robots\" content=\"noindex, follow\" \/>\n<meta property=\"og:locale\" content=\"es_ES\" \/>\n<meta property=\"og:type\" content=\"article\" \/>\n<meta property=\"og:title\" content=\"La Vuelta Ciclista llega a Marbella - Svefors Realty | Marbella\" \/>\n<meta property=\"og:description\" content=\"El pr\u00f3ximo jueves Marbella acoger\u00e1 uno de los eventos deportivos m\u00e1s importantes del pa\u00eds. La duod\u00e9cima etapa de la Vuelta ciclista a Espa\u00f1a.\" \/>\n<meta property=\"og:url\" content=\"https:\/\/sveforsrealty.com\/es\/vuelta-ciclista-marbella\/\" \/>\n<meta property=\"og:site_name\" content=\"Svefors Realty | Marbella\" \/>\n<meta property=\"article:publisher\" content=\"https:\/\/www.facebook.com\/SveforsRealty\/\" \/>\n<meta property=\"article:published_time\" content=\"2022-08-30T09:45:15+00:00\" \/>\n<meta property=\"article:modified_time\" content=\"2022-08-30T09:45:17+00:00\" \/>\n<meta property=\"og:image\" content=\"https:\/\/sveforsrealty.com\/wp-content\/uploads\/2022\/08\/lap-gdd64fa2b0_1920.jpg\" \/>\n\t<meta property=\"og:image:width\" content=\"1920\" \/>\n\t<meta property=\"og:image:height\" content=\"1280\" \/>\n\t<meta property=\"og:image:type\" content=\"image\/jpeg\" \/>\n<meta name=\"author\" content=\"Aitana\" \/>\n<meta name=\"twitter:card\" content=\"summary_large_image\" \/>\n<meta name=\"twitter:label1\" content=\"Escrito por\" \/>\n\t<meta name=\"twitter:data1\" content=\"Aitana\" \/>\n\t<meta name=\"twitter:label2\" content=\"Tiempo de lectura\" \/>\n\t<meta name=\"twitter:data2\" content=\"2 minutos\" \/>\n<script type=\"application\/ld+json\" class=\"yoast-schema-graph\">{\"@context\":\"https:\\\/\\\/schema.org\",\"@graph\":[{\"@type\":\"Article\",\"@id\":\"https:\\\/\\\/sveforsrealty.com\\\/es\\\/vuelta-ciclista-marbella\\\/#article\",\"isPartOf\":{\"@id\":\"https:\\\/\\\/sveforsrealty.com\\\/es\\\/vuelta-ciclista-marbella\\\/\"},\"author\":{\"name\":\"Aitana\",\"@id\":\"https:\\\/\\\/sveforsrealty.com\\\/es\\\/#\\\/schema\\\/person\\\/844689fbf8577fd9ad4cd7c5052c0231\"},\"headline\":\"La Vuelta Ciclista llega a Marbella\",\"datePublished\":\"2022-08-30T09:45:15+00:00\",\"dateModified\":\"2022-08-30T09:45:17+00:00\",\"mainEntityOfPage\":{\"@id\":\"https:\\\/\\\/sveforsrealty.com\\\/es\\\/vuelta-ciclista-marbella\\\/\"},\"wordCount\":258,\"publisher\":{\"@id\":\"https:\\\/\\\/sveforsrealty.com\\\/es\\\/#organization\"},\"image\":{\"@id\":\"https:\\\/\\\/sveforsrealty.com\\\/es\\\/vuelta-ciclista-marbella\\\/#primaryimage\"},\"thumbnailUrl\":\"https:\\\/\\\/sveforsrealty.com\\\/wp-content\\\/uploads\\\/2022\\\/08\\\/lap-gdd64fa2b0_1920.jpg\",\"keywords\":[\"apartamentos\",\"costa del sol\",\"inmobiliaria\",\"marbella\",\"svefors realty\",\"vuelta ciclista\"],\"articleSection\":[\"Cultura y actividades\",\"Noticias\"],\"inLanguage\":\"es\"},{\"@type\":\"WebPage\",\"@id\":\"https:\\\/\\\/sveforsrealty.com\\\/es\\\/vuelta-ciclista-marbella\\\/\",\"url\":\"https:\\\/\\\/sveforsrealty.com\\\/es\\\/vuelta-ciclista-marbella\\\/\",\"name\":\"La Vuelta Ciclista llega a Marbella - Svefors Realty | Marbella\",\"isPartOf\":{\"@id\":\"https:\\\/\\\/sveforsrealty.com\\\/es\\\/#website\"},\"primaryImageOfPage\":{\"@id\":\"https:\\\/\\\/sveforsrealty.com\\\/es\\\/vuelta-ciclista-marbella\\\/#primaryimage\"},\"image\":{\"@id\":\"https:\\\/\\\/sveforsrealty.com\\\/es\\\/vuelta-ciclista-marbella\\\/#primaryimage\"},\"thumbnailUrl\":\"https:\\\/\\\/sveforsrealty.com\\\/wp-content\\\/uploads\\\/2022\\\/08\\\/lap-gdd64fa2b0_1920.jpg\",\"datePublished\":\"2022-08-30T09:45:15+00:00\",\"dateModified\":\"2022-08-30T09:45:17+00:00\",\"description\":\"El pr\u00f3ximo jueves Marbella acoger\u00e1 uno de los eventos deportivos m\u00e1s importantes del pa\u00eds. La duod\u00e9cima etapa de la Vuelta ciclista a Espa\u00f1a.\",\"breadcrumb\":{\"@id\":\"https:\\\/\\\/sveforsrealty.com\\\/es\\\/vuelta-ciclista-marbella\\\/#breadcrumb\"},\"inLanguage\":\"es\",\"potentialAction\":[{\"@type\":\"ReadAction\",\"target\":[\"https:\\\/\\\/sveforsrealty.com\\\/es\\\/vuelta-ciclista-marbella\\\/\"]}]},{\"@type\":\"ImageObject\",\"inLanguage\":\"es\",\"@id\":\"https:\\\/\\\/sveforsrealty.com\\\/es\\\/vuelta-ciclista-marbella\\\/#primaryimage\",\"url\":\"https:\\\/\\\/sveforsrealty.com\\\/wp-content\\\/uploads\\\/2022\\\/08\\\/lap-gdd64fa2b0_1920.jpg\",\"contentUrl\":\"https:\\\/\\\/sveforsrealty.com\\\/wp-content\\\/uploads\\\/2022\\\/08\\\/lap-gdd64fa2b0_1920.jpg\",\"width\":1920,\"height\":1280},{\"@type\":\"BreadcrumbList\",\"@id\":\"https:\\\/\\\/sveforsrealty.com\\\/es\\\/vuelta-ciclista-marbella\\\/#breadcrumb\",\"itemListElement\":[{\"@type\":\"ListItem\",\"position\":1,\"name\":\"Home\",\"item\":\"https:\\\/\\\/sveforsrealty.com\\\/es\\\/\"},{\"@type\":\"ListItem\",\"position\":2,\"name\":\"La Vuelta Ciclista llega a Marbella\"}]},{\"@type\":\"WebSite\",\"@id\":\"https:\\\/\\\/sveforsrealty.com\\\/es\\\/#website\",\"url\":\"https:\\\/\\\/sveforsrealty.com\\\/es\\\/\",\"name\":\"Svefors Realty | Marbella\",\"description\":\"Svefors Realty, m\u00e1s de 20 a\u00f1os de experiencia en el mercado inmobiliaria en la Costa del Sol.\",\"publisher\":{\"@id\":\"https:\\\/\\\/sveforsrealty.com\\\/es\\\/#organization\"},\"potentialAction\":[{\"@type\":\"SearchAction\",\"target\":{\"@type\":\"EntryPoint\",\"urlTemplate\":\"https:\\\/\\\/sveforsrealty.com\\\/es\\\/?s={search_term_string}\"},\"query-input\":{\"@type\":\"PropertyValueSpecification\",\"valueRequired\":true,\"valueName\":\"search_term_string\"}}],\"inLanguage\":\"es\"},{\"@type\":\"Organization\",\"@id\":\"https:\\\/\\\/sveforsrealty.com\\\/es\\\/#organization\",\"name\":\"Svefors Realty | Marbella\",\"url\":\"https:\\\/\\\/sveforsrealty.com\\\/es\\\/\",\"logo\":{\"@type\":\"ImageObject\",\"inLanguage\":\"es\",\"@id\":\"https:\\\/\\\/sveforsrealty.com\\\/es\\\/#\\\/schema\\\/logo\\\/image\\\/\",\"url\":\"https:\\\/\\\/sveforsrealty.com\\\/wp-content\\\/uploads\\\/2022\\\/02\\\/logo-svefors.png\",\"contentUrl\":\"https:\\\/\\\/sveforsrealty.com\\\/wp-content\\\/uploads\\\/2022\\\/02\\\/logo-svefors.png\",\"width\":480,\"height\":102,\"caption\":\"Svefors Realty | Marbella\"},\"image\":{\"@id\":\"https:\\\/\\\/sveforsrealty.com\\\/es\\\/#\\\/schema\\\/logo\\\/image\\\/\"},\"sameAs\":[\"https:\\\/\\\/www.facebook.com\\\/SveforsRealty\\\/\"]},{\"@type\":\"Person\",\"@id\":\"https:\\\/\\\/sveforsrealty.com\\\/es\\\/#\\\/schema\\\/person\\\/844689fbf8577fd9ad4cd7c5052c0231\",\"name\":\"Aitana\",\"image\":{\"@type\":\"ImageObject\",\"inLanguage\":\"es\",\"@id\":\"https:\\\/\\\/secure.gravatar.com\\\/avatar\\\/687511f24924eb3a8d408f3f37b54adf63e22c9df60f0e9e547dce614f25a57b?s=96&d=mm&r=g\",\"url\":\"https:\\\/\\\/secure.gravatar.com\\\/avatar\\\/687511f24924eb3a8d408f3f37b54adf63e22c9df60f0e9e547dce614f25a57b?s=96&d=mm&r=g\",\"contentUrl\":\"https:\\\/\\\/secure.gravatar.com\\\/avatar\\\/687511f24924eb3a8d408f3f37b54adf63e22c9df60f0e9e547dce614f25a57b?s=96&d=mm&r=g\",\"caption\":\"Aitana\"},\"sameAs\":[\"https:\\\/\\\/sveforsrealty.com\\\/\"],\"url\":\"https:\\\/\\\/sveforsrealty.com\\\/es\\\/author\\\/ait4n4\\\/\"}]}<\/script>\n<!-- \/ Yoast SEO plugin. -->","yoast_head_json":{"title":"La Vuelta Ciclista llega a Marbella - Svefors Realty | Marbella","description":"El pr\u00f3ximo jueves Marbella acoger\u00e1 uno de los eventos deportivos m\u00e1s importantes del pa\u00eds. La duod\u00e9cima etapa de la Vuelta ciclista a Espa\u00f1a.","robots":{"index":"noindex","follow":"follow"},"og_locale":"es_ES","og_type":"article","og_title":"La Vuelta Ciclista llega a Marbella - Svefors Realty | Marbella","og_description":"El pr\u00f3ximo jueves Marbella acoger\u00e1 uno de los eventos deportivos m\u00e1s importantes del pa\u00eds. La duod\u00e9cima etapa de la Vuelta ciclista a Espa\u00f1a.","og_url":"https:\/\/sveforsrealty.com\/es\/vuelta-ciclista-marbella\/","og_site_name":"Svefors Realty | Marbella","article_publisher":"https:\/\/www.facebook.com\/SveforsRealty\/","article_published_time":"2022-08-30T09:45:15+00:00","article_modified_time":"2022-08-30T09:45:17+00:00","og_image":[{"width":1920,"height":1280,"url":"https:\/\/sveforsrealty.com\/wp-content\/uploads\/2022\/08\/lap-gdd64fa2b0_1920.jpg","type":"image\/jpeg"}],"author":"Aitana","twitter_card":"summary_large_image","twitter_misc":{"Escrito por":"Aitana","Tiempo de lectura":"2 minutos"},"schema":{"@context":"https:\/\/schema.org","@graph":[{"@type":"Article","@id":"https:\/\/sveforsrealty.com\/es\/vuelta-ciclista-marbella\/#article","isPartOf":{"@id":"https:\/\/sveforsrealty.com\/es\/vuelta-ciclista-marbella\/"},"author":{"name":"Aitana","@id":"https:\/\/sveforsrealty.com\/es\/#\/schema\/person\/844689fbf8577fd9ad4cd7c5052c0231"},"headline":"La Vuelta Ciclista llega a Marbella","datePublished":"2022-08-30T09:45:15+00:00","dateModified":"2022-08-30T09:45:17+00:00","mainEntityOfPage":{"@id":"https:\/\/sveforsrealty.com\/es\/vuelta-ciclista-marbella\/"},"wordCount":258,"publisher":{"@id":"https:\/\/sveforsrealty.com\/es\/#organization"},"image":{"@id":"https:\/\/sveforsrealty.com\/es\/vuelta-ciclista-marbella\/#primaryimage"},"thumbnailUrl":"https:\/\/sveforsrealty.com\/wp-content\/uploads\/2022\/08\/lap-gdd64fa2b0_1920.jpg","keywords":["apartamentos","costa del sol","inmobiliaria","marbella","svefors realty","vuelta ciclista"],"articleSection":["Cultura y actividades","Noticias"],"inLanguage":"es"},{"@type":"WebPage","@id":"https:\/\/sveforsrealty.com\/es\/vuelta-ciclista-marbella\/","url":"https:\/\/sveforsrealty.com\/es\/vuelta-ciclista-marbella\/","name":"La Vuelta Ciclista llega a Marbella - Svefors Realty | Marbella","isPartOf":{"@id":"https:\/\/sveforsrealty.com\/es\/#website"},"primaryImageOfPage":{"@id":"https:\/\/sveforsrealty.com\/es\/vuelta-ciclista-marbella\/#primaryimage"},"image":{"@id":"https:\/\/sveforsrealty.com\/es\/vuelta-ciclista-marbella\/#primaryimage"},"thumbnailUrl":"https:\/\/sveforsrealty.com\/wp-content\/uploads\/2022\/08\/lap-gdd64fa2b0_1920.jpg","datePublished":"2022-08-30T09:45:15+00:00","dateModified":"2022-08-30T09:45:17+00:00","description":"El pr\u00f3ximo jueves Marbella acoger\u00e1 uno de los eventos deportivos m\u00e1s importantes del pa\u00eds. La duod\u00e9cima etapa de la Vuelta ciclista a Espa\u00f1a.","breadcrumb":{"@id":"https:\/\/sveforsrealty.com\/es\/vuelta-ciclista-marbella\/#breadcrumb"},"inLanguage":"es","potentialAction":[{"@type":"ReadAction","target":["https:\/\/sveforsrealty.com\/es\/vuelta-ciclista-marbella\/"]}]},{"@type":"ImageObject","inLanguage":"es","@id":"https:\/\/sveforsrealty.com\/es\/vuelta-ciclista-marbella\/#primaryimage","url":"https:\/\/sveforsrealty.com\/wp-content\/uploads\/2022\/08\/lap-gdd64fa2b0_1920.jpg","contentUrl":"https:\/\/sveforsrealty.com\/wp-content\/uploads\/2022\/08\/lap-gdd64fa2b0_1920.jpg","width":1920,"height":1280},{"@type":"BreadcrumbList","@id":"https:\/\/sveforsrealty.com\/es\/vuelta-ciclista-marbella\/#breadcrumb","itemListElement":[{"@type":"ListItem","position":1,"name":"Home","item":"https:\/\/sveforsrealty.com\/es\/"},{"@type":"ListItem","position":2,"name":"La Vuelta Ciclista llega a Marbella"}]},{"@type":"WebSite","@id":"https:\/\/sveforsrealty.com\/es\/#website","url":"https:\/\/sveforsrealty.com\/es\/","name":"Svefors Realty | Marbella","description":"Svefors Realty, m\u00e1s de 20 a\u00f1os de experiencia en el mercado inmobiliaria en la Costa del Sol.","publisher":{"@id":"https:\/\/sveforsrealty.com\/es\/#organization"},"potentialAction":[{"@type":"SearchAction","target":{"@type":"EntryPoint","urlTemplate":"https:\/\/sveforsrealty.com\/es\/?s={search_term_string}"},"query-input":{"@type":"PropertyValueSpecification","valueRequired":true,"valueName":"search_term_string"}}],"inLanguage":"es"},{"@type":"Organization","@id":"https:\/\/sveforsrealty.com\/es\/#organization","name":"Svefors Realty | Marbella","url":"https:\/\/sveforsrealty.com\/es\/","logo":{"@type":"ImageObject","inLanguage":"es","@id":"https:\/\/sveforsrealty.com\/es\/#\/schema\/logo\/image\/","url":"https:\/\/sveforsrealty.com\/wp-content\/uploads\/2022\/02\/logo-svefors.png","contentUrl":"https:\/\/sveforsrealty.com\/wp-content\/uploads\/2022\/02\/logo-svefors.png","width":480,"height":102,"caption":"Svefors Realty | Marbella"},"image":{"@id":"https:\/\/sveforsrealty.com\/es\/#\/schema\/logo\/image\/"},"sameAs":["https:\/\/www.facebook.com\/SveforsRealty\/"]},{"@type":"Person","@id":"https:\/\/sveforsrealty.com\/es\/#\/schema\/person\/844689fbf8577fd9ad4cd7c5052c0231","name":"Aitana","image":{"@type":"ImageObject","inLanguage":"es","@id":"https:\/\/secure.gravatar.com\/avatar\/687511f24924eb3a8d408f3f37b54adf63e22c9df60f0e9e547dce614f25a57b?s=96&d=mm&r=g","url":"https:\/\/secure.gravatar.com\/avatar\/687511f24924eb3a8d408f3f37b54adf63e22c9df60f0e9e547dce614f25a57b?s=96&d=mm&r=g","contentUrl":"https:\/\/secure.gravatar.com\/avatar\/687511f24924eb3a8d408f3f37b54adf63e22c9df60f0e9e547dce614f25a57b?s=96&d=mm&r=g","caption":"Aitana"},"sameAs":["https:\/\/sveforsrealty.com\/"],"url":"https:\/\/sveforsrealty.com\/es\/author\/ait4n4\/"}]}},"_links":{"self":[{"href":"https:\/\/sveforsrealty.com\/es\/wp-json\/wp\/v2\/posts\/1780","targetHints":{"allow":["GET"]}}],"collection":[{"href":"https:\/\/sveforsrealty.com\/es\/wp-json\/wp\/v2\/posts"}],"about":[{"href":"https:\/\/sveforsrealty.com\/es\/wp-json\/wp\/v2\/types\/post"}],"author":[{"embeddable":true,"href":"https:\/\/sveforsrealty.com\/es\/wp-json\/wp\/v2\/users\/3"}],"replies":[{"embeddable":true,"href":"https:\/\/sveforsrealty.com\/es\/wp-json\/wp\/v2\/comments?post=1780"}],"version-history":[{"count":3,"href":"https:\/\/sveforsrealty.com\/es\/wp-json\/wp\/v2\/posts\/1780\/revisions"}],"predecessor-version":[{"id":1791,"href":"https:\/\/sveforsrealty.com\/es\/wp-json\/wp\/v2\/posts\/1780\/revisions\/1791"}],"wp:featuredmedia":[{"embeddable":true,"href":"https:\/\/sveforsrealty.com\/es\/wp-json\/wp\/v2\/media\/1781"}],"wp:attachment":[{"href":"https:\/\/sveforsrealty.com\/es\/wp-json\/wp\/v2\/media?parent=1780"}],"wp:term":[{"taxonomy":"category","embeddable":true,"href":"https:\/\/sveforsrealty.com\/es\/wp-json\/wp\/v2\/categories?post=1780"},{"taxonomy":"post_tag","embeddable":true,"href":"https:\/\/sveforsrealty.com\/es\/wp-json\/wp\/v2\/tags?post=1780"}],"curies":[{"name":"wp","href":"https:\/\/api.w.org\/{rel}","templated":true}]}}